{"id":37003,"date":"2023-08-03T11:25:06","date_gmt":"2023-08-03T11:25:06","guid":{"rendered":"https:\/\/www.navarrafilmindustry.com\/?p=37003"},"modified":"2023-08-04T11:44:30","modified_gmt":"2023-08-04T11:44:30","slug":"la-pelicula-negu-hurbilak-rodada-en-navarra-tendra-su-estreno-mundial-en-el-festival-de-cine-de-locarno","status":"publish","type":"post","link":"https:\/\/www.navarrafilmindustry.com\/eu\/la-pelicula-negu-hurbilak-rodada-en-navarra-tendra-su-estreno-mundial-en-el-festival-de-cine-de-locarno\/","title":{"rendered":"La pel\u00edcula &#8216;Negu hurbilak&#8217;, rodada en Navarra, tendr\u00e1 su estreno mundial en el Festival de Cine de Locarno"},"content":{"rendered":"<p><strong>Filmada \u00edntegramente en la localidad de Zubieta, la producci\u00f3n ha contado con la asistencia de Navarra Film Commission.<\/strong><\/p>\n<p>El largometraje <em>Negu hurbilak<\/em> del Colectivo Negu, rodado \u00edntegramente en Navarra, tendr\u00e1 su estreno mundial en la secci\u00f3n <em>Cineasti del presente<\/em> de la 76.\u00aa edici\u00f3n del Festival Internacional de Cine de Locarno, que se celebra en la localidad suiza del 2 al 12 de agosto. Se trata de una secci\u00f3n que ofrece una selecci\u00f3n de primeros y segundos largometrajes, principalmente estrenos mundiales, dirigidos por talentos emergentes de todo el mundo. \u2018<\/p>\n<p>Filmada el pasado mes de junio \u00edntegramente en la localidad navarra de Zubieta, en la comarca del Alto Bidasoa, la pel\u00edcula ha contado con la asistencia de Navarra Film Commission en la b\u00fasqueda de localizaciones, en la coordinaci\u00f3n con empresas de servicios y en la tramitaci\u00f3n de permisos con distintas entidades para hacer posible el rodaje. El film est\u00e1 protagonizado por Jone Laspiur (Goya a Mejor actriz revelaci\u00f3n por <em>Ane<\/em>) y cuenta con int\u00e9rpretes naturales del mismo pueblo de Zubieta: Ana Hualde, Be\u00f1ardo Iparragirre Mutuberria, Markos Juanikorena, Ibai Juanikorena y Bautista Santesteban.<\/p>\n<p><img loading=\"lazy\" decoding=\"async\" class=\"alignnone wp-image-37007 aligncenter\" src=\"https:\/\/www.navarrafilmindustry.com\/wp-content\/uploads\/2023\/08\/NH_CARTEL_2023_BAF-203x300.jpg\" alt=\"\" width=\"417\" height=\"617\" srcset=\"https:\/\/www.navarrafilmindustry.com\/wp-content\/uploads\/2023\/08\/NH_CARTEL_2023_BAF-203x300.jpg 203w, https:\/\/www.navarrafilmindustry.com\/wp-content\/uploads\/2023\/08\/NH_CARTEL_2023_BAF-691x1024.jpg 691w, https:\/\/www.navarrafilmindustry.com\/wp-content\/uploads\/2023\/08\/NH_CARTEL_2023_BAF-768x1138.jpg 768w, https:\/\/www.navarrafilmindustry.com\/wp-content\/uploads\/2023\/08\/NH_CARTEL_2023_BAF-408x605.jpg 408w, https:\/\/www.navarrafilmindustry.com\/wp-content\/uploads\/2023\/08\/NH_CARTEL_2023_BAF.jpg 810w\" sizes=\"(max-width: 417px) 100vw, 417px\" \/><\/p>\n<p>Se han programado cuatro pases de la cinta en Locarno,\u00a0 considerado uno de los festivales m\u00e1s importantes del mundo en lo que a cine experimental y de autor se refiere, donde competir\u00e1 por el Leopardo de Oro Cineasta del Presente: el mi\u00e9rcoles 9, a las 11:30 en PalaCinema 1; el jueves 10, a las 21:00 en L\u2019altra Sala; y el viernes 11, a la 13:30 en PalaCinema 2 y PalaCinema 3.<\/p>\n<p>La pel\u00edcula narra una historia que trascurre en 2011 cuando el prolongado conflicto que vive el Pa\u00eds Vasco parece llegar a su fin. Una joven huye con un claro objetivo: cruzar la frontera, la \u201cmuga\u201d, porque sabe que eso la podr\u00e1 llevar lejos de su lugar de origen, de su casa, donde ya no est\u00e1 segura. En medio de su huida llega a Zubieta, un pueblo fronterizo donde antiguos mitos y conflictos modernos parecen converger. Escondida en la buhardilla de una de las casas del pueblo empieza a observar una cotidianidad aparentemente inm\u00f3vil como la piedra. Con el paso del tiempo, un tiempo difuso e indefinido, donde los d\u00edas se convierten en noches y las noches en d\u00edas, su huida comienza a ser cada vez m\u00e1s laber\u00edntica, qued\u00e1ndose completamente envuelta entre la densa niebla\u2026<\/p>\n<p><em><img loading=\"lazy\" decoding=\"async\" class=\"wp-image-37010 aligncenter\" src=\"https:\/\/www.navarrafilmindustry.com\/wp-content\/uploads\/2023\/08\/NH_03_1-300x182.jpg\" alt=\"\" width=\"650\" height=\"394\" srcset=\"https:\/\/www.navarrafilmindustry.com\/wp-content\/uploads\/2023\/08\/NH_03_1-300x182.jpg 300w, https:\/\/www.navarrafilmindustry.com\/wp-content\/uploads\/2023\/08\/NH_03_1-768x465.jpg 768w, https:\/\/www.navarrafilmindustry.com\/wp-content\/uploads\/2023\/08\/NH_03_1-450x273.jpg 450w, https:\/\/www.navarrafilmindustry.com\/wp-content\/uploads\/2023\/08\/NH_03_1.jpg 900w\" sizes=\"(max-width: 650px) 100vw, 650px\" \/><\/em><\/p>\n<p><em>Negu hurbilak<\/em> est\u00e1 dirigida por el Colectivo Negu \u2014Ekain Albite, Adri\u00e0 Roca, Nicolau Mallofr\u00e9 y Mikel Ibarguren\u2014 y producida por la empresa vasca Maluta Films y la catalana Cornelius Films, con distribuci\u00f3n de Begin Again Films. El equipo de producci\u00f3n, tanto localizadores como asesores, auxiliares o la propia jefa de producci\u00f3n, Miren Martin, son del Alto Bidasoa. Por su parte, el responsable de sonido, Be\u00f1at Etxekolonea es originario de Zubieta. Adem\u00e1s, las empresas de servicios, alojamiento y dietas, las que han hecho posible la estancia y rodaje en el pueblo, son navarras. El film ha participado en apartados Work In Progress de diferentes festivales como Atl\u00e1ntida, L\u2019Alternativa, REC y FICX, donde ha recibido varios reconocimientos.<\/p>\n<p>Los directores integrantes del Colectivo Negu, surgido en la ESCAC (Escuela Superior de Cine y Audiovisuales de Catalu\u00f1a), afirman que \u201cel final del conflicto armado coincide\u201d con su infancia, \u201cen aquellos a\u00f1os en los que hab\u00eda temas que no se pod\u00edan hablar; una herida abierta que con el simple hecho de mencionarla era cada vez m\u00e1s grande, un tab\u00fa, algo que pronto se silenciaba\u201d. Defienden que uno de los objetivos de este film es \u201cintentar entender qu\u00e9 es lo que a la gente, la sociedad, le ha movido en todo este enfrentamiento\u201d.<\/p>\n<p><img loading=\"lazy\" decoding=\"async\" class=\"wp-image-37013 aligncenter\" src=\"https:\/\/www.navarrafilmindustry.com\/wp-content\/uploads\/2023\/08\/NH_02-300x182.jpg\" alt=\"\" width=\"651\" height=\"395\" srcset=\"https:\/\/www.navarrafilmindustry.com\/wp-content\/uploads\/2023\/08\/NH_02-300x182.jpg 300w, https:\/\/www.navarrafilmindustry.com\/wp-content\/uploads\/2023\/08\/NH_02-768x465.jpg 768w, https:\/\/www.navarrafilmindustry.com\/wp-content\/uploads\/2023\/08\/NH_02-450x273.jpg 450w, https:\/\/www.navarrafilmindustry.com\/wp-content\/uploads\/2023\/08\/NH_02.jpg 900w\" sizes=\"(max-width: 651px) 100vw, 651px\" \/><\/p>\n<p>&nbsp;<\/p>\n<p><strong>NAVARRA FILM INDUSTRY<\/strong><\/p>\n<p>Navarra Film Industry (NFI) es la marca audiovisual en Navarra. Engloba a los agentes p\u00fablicos y privados del sector: Gobierno de Navarra y la sociedad p\u00fablica NICDO -que tambi\u00e9n gestiona la Navarra Film Commission-, el cl\u00faster audiovisual CLAVNA y la asociaci\u00f3n de empresas y profesionales del sector NAPAR; todos ellos unidos en torno al prop\u00f3sito de dar servicio, impulsar y hacer crecer oportunidades y proyectos en el \u00e1mbito audiovisual.<\/p>\n","protected":false},"excerpt":{"rendered":"<p>Filmada \u00edntegramente en la localidad de Zubieta, la producci\u00f3n ha contado con la asistencia de Navarra Film Commission. El largometraje Negu hurbilak del Colectivo Negu, rodado \u00edntegramente en Navarra, tendr\u00e1 su estreno mundial en la secci\u00f3n Cineasti del presente de la 76.\u00aa edici\u00f3n del Festival Internacional de Cine de Locarno, que se celebra en la localidad suiza del 2 al 12 de agosto. Se trata de una secci\u00f3n que ofrece una selecci\u00f3n de primeros y segundos largometrajes, principalmente estrenos mundiales, dirigidos por talentos emergentes de todo el mundo. \u2018 Filmada el pasado mes de junio \u00edntegramente en la localidad navarra de Zubieta, en la comarca del Alto Bidasoa, la pel\u00edcula ha contado con la asistencia de Navarra Film Commission en la b\u00fasqueda de localizaciones, en la coordinaci\u00f3n con empresas de servicios y en la tramitaci\u00f3n de permisos con distintas entidades para hacer posible el rodaje. El film est\u00e1 protagonizado por Jone Laspiur (Goya a Mejor actriz revelaci\u00f3n por Ane) y cuenta con int\u00e9rpretes naturales del mismo pueblo de Zubieta: Ana Hualde, Be\u00f1ardo Iparragirre Mutuberria, Markos Juanikorena, Ibai Juanikorena y Bautista Santesteban. Se han programado cuatro pases de la cinta en Locarno,\u00a0 considerado uno de los festivales m\u00e1s importantes del mundo en lo que a cine experimental y de autor se refiere, donde competir\u00e1 por el Leopardo de Oro Cineasta del Presente: el mi\u00e9rcoles 9, a las 11:30 en PalaCinema 1; el jueves 10, a las 21:00 en L\u2019altra Sala; y el viernes 11, a la 13:30 en PalaCinema 2 y PalaCinema 3. La pel\u00edcula narra una historia que trascurre en 2011 cuando el prolongado conflicto que vive el Pa\u00eds Vasco parece llegar a su fin. Una joven huye con un claro objetivo: cruzar la frontera, la \u201cmuga\u201d, porque sabe que eso la podr\u00e1 llevar lejos de su lugar de origen,&#8230;<\/p>\n","protected":false},"author":3,"featured_media":37004,"comment_status":"closed","ping_status":"closed","sticky":false,"template":"","format":"standard","meta":{"_acf_changed":false,"footnotes":""},"categories":[1],"tags":[],"class_list":{"0":"post-37003","1":"post","2":"type-post","3":"status-publish","4":"format-standard","5":"has-post-thumbnail","7":"category-noticias"},"acf":[],"yoast_head":"<!-- This site is optimized with the Yoast SEO plugin v23.7 - https:\/\/yoast.com\/wordpress\/plugins\/seo\/ -->\n<title>La pel\u00edcula &#039;Negu hurbilak&#039;, rodada en Navarra, tendr\u00e1 su estreno mundial en el Festival de Cine de Locarno - NFI<\/title>\n<meta name=\"robots\" content=\"index, follow, max-snippet:-1, max-image-preview:large, max-video-preview:-1\" \/>\n<link rel=\"canonical\" href=\"https:\/\/www.navarrafilmindustry.com\/eu\/la-pelicula-negu-hurbilak-rodada-en-navarra-tendra-su-estreno-mundial-en-el-festival-de-cine-de-locarno\/\" \/>\n<meta property=\"og:locale\" content=\"eu_ES\" \/>\n<meta property=\"og:type\" content=\"article\" \/>\n<meta property=\"og:title\" content=\"La pel\u00edcula &#039;Negu hurbilak&#039;, rodada en Navarra, tendr\u00e1 su estreno mundial en el Festival de Cine de Locarno - NFI\" \/>\n<meta property=\"og:description\" content=\"Filmada \u00edntegramente en la localidad de Zubieta, la producci\u00f3n ha contado con la asistencia de Navarra Film Commission. El largometraje Negu hurbilak del Colectivo Negu, rodado \u00edntegramente en Navarra, tendr\u00e1 su estreno mundial en la secci\u00f3n Cineasti del presente de la 76.\u00aa edici\u00f3n del Festival Internacional de Cine de Locarno, que se celebra en la localidad suiza del 2 al 12 de agosto. Se trata de una secci\u00f3n que ofrece una selecci\u00f3n de primeros y segundos largometrajes, principalmente estrenos mundiales, dirigidos por talentos emergentes de todo el mundo. \u2018 Filmada el pasado mes de junio \u00edntegramente en la localidad navarra de Zubieta, en la comarca del Alto Bidasoa, la pel\u00edcula ha contado con la asistencia de Navarra Film Commission en la b\u00fasqueda de localizaciones, en la coordinaci\u00f3n con empresas de servicios y en la tramitaci\u00f3n de permisos con distintas entidades para hacer posible el rodaje. El film est\u00e1 protagonizado por Jone Laspiur (Goya a Mejor actriz revelaci\u00f3n por Ane) y cuenta con int\u00e9rpretes naturales del mismo pueblo de Zubieta: Ana Hualde, Be\u00f1ardo Iparragirre Mutuberria, Markos Juanikorena, Ibai Juanikorena y Bautista Santesteban. Se han programado cuatro pases de la cinta en Locarno,\u00a0 considerado uno de los festivales m\u00e1s importantes del mundo en lo que a cine experimental y de autor se refiere, donde competir\u00e1 por el Leopardo de Oro Cineasta del Presente: el mi\u00e9rcoles 9, a las 11:30 en PalaCinema 1; el jueves 10, a las 21:00 en L\u2019altra Sala; y el viernes 11, a la 13:30 en PalaCinema 2 y PalaCinema 3. La pel\u00edcula narra una historia que trascurre en 2011 cuando el prolongado conflicto que vive el Pa\u00eds Vasco parece llegar a su fin. Una joven huye con un claro objetivo: cruzar la frontera, la \u201cmuga\u201d, porque sabe que eso la podr\u00e1 llevar lejos de su lugar de origen,...\" \/>\n<meta property=\"og:url\" content=\"https:\/\/www.navarrafilmindustry.com\/eu\/la-pelicula-negu-hurbilak-rodada-en-navarra-tendra-su-estreno-mundial-en-el-festival-de-cine-de-locarno\/\" \/>\n<meta property=\"og:site_name\" content=\"NFI\" \/>\n<meta property=\"article:published_time\" content=\"2023-08-03T11:25:06+00:00\" \/>\n<meta property=\"article:modified_time\" content=\"2023-08-04T11:44:30+00:00\" \/>\n<meta property=\"og:image\" content=\"https:\/\/www.navarrafilmindustry.com\/wp-content\/uploads\/2023\/08\/NH_01.jpg\" \/>\n\t<meta property=\"og:image:width\" content=\"1200\" \/>\n\t<meta property=\"og:image:height\" content=\"727\" \/>\n\t<meta property=\"og:image:type\" content=\"image\/jpeg\" \/>\n<meta name=\"author\" content=\"NICDO\" \/>\n<meta name=\"twitter:card\" content=\"summary_large_image\" \/>\n<meta name=\"twitter:label1\" content=\"Written by\" \/>\n\t<meta name=\"twitter:data1\" content=\"NICDO\" \/>\n\t<meta name=\"twitter:label2\" content=\"Est. reading time\" \/>\n\t<meta name=\"twitter:data2\" content=\"3 minutes\" \/>\n<script type=\"application\/ld+json\" class=\"yoast-schema-graph\">{\"@context\":\"https:\/\/schema.org\",\"@graph\":[{\"@type\":\"WebPage\",\"@id\":\"https:\/\/www.navarrafilmindustry.com\/eu\/la-pelicula-negu-hurbilak-rodada-en-navarra-tendra-su-estreno-mundial-en-el-festival-de-cine-de-locarno\/\",\"url\":\"https:\/\/www.navarrafilmindustry.com\/eu\/la-pelicula-negu-hurbilak-rodada-en-navarra-tendra-su-estreno-mundial-en-el-festival-de-cine-de-locarno\/\",\"name\":\"La pel\u00edcula 'Negu hurbilak', rodada en Navarra, tendr\u00e1 su estreno mundial en el Festival de Cine de Locarno - NFI\",\"isPartOf\":{\"@id\":\"https:\/\/www.navarrafilmindustry.com\/eu\/#website\"},\"primaryImageOfPage\":{\"@id\":\"https:\/\/www.navarrafilmindustry.com\/eu\/la-pelicula-negu-hurbilak-rodada-en-navarra-tendra-su-estreno-mundial-en-el-festival-de-cine-de-locarno\/#primaryimage\"},\"image\":{\"@id\":\"https:\/\/www.navarrafilmindustry.com\/eu\/la-pelicula-negu-hurbilak-rodada-en-navarra-tendra-su-estreno-mundial-en-el-festival-de-cine-de-locarno\/#primaryimage\"},\"thumbnailUrl\":\"https:\/\/www.navarrafilmindustry.com\/wp-content\/uploads\/2023\/08\/NH_01.jpg\",\"datePublished\":\"2023-08-03T11:25:06+00:00\",\"dateModified\":\"2023-08-04T11:44:30+00:00\",\"author\":{\"@id\":\"https:\/\/www.navarrafilmindustry.com\/eu\/#\/schema\/person\/2a64449def812c718a4769f9312843d7\"},\"breadcrumb\":{\"@id\":\"https:\/\/www.navarrafilmindustry.com\/eu\/la-pelicula-negu-hurbilak-rodada-en-navarra-tendra-su-estreno-mundial-en-el-festival-de-cine-de-locarno\/#breadcrumb\"},\"inLanguage\":\"eu-ES\",\"potentialAction\":[{\"@type\":\"ReadAction\",\"target\":[\"https:\/\/www.navarrafilmindustry.com\/eu\/la-pelicula-negu-hurbilak-rodada-en-navarra-tendra-su-estreno-mundial-en-el-festival-de-cine-de-locarno\/\"]}]},{\"@type\":\"ImageObject\",\"inLanguage\":\"eu-ES\",\"@id\":\"https:\/\/www.navarrafilmindustry.com\/eu\/la-pelicula-negu-hurbilak-rodada-en-navarra-tendra-su-estreno-mundial-en-el-festival-de-cine-de-locarno\/#primaryimage\",\"url\":\"https:\/\/www.navarrafilmindustry.com\/wp-content\/uploads\/2023\/08\/NH_01.jpg\",\"contentUrl\":\"https:\/\/www.navarrafilmindustry.com\/wp-content\/uploads\/2023\/08\/NH_01.jpg\",\"width\":1200,\"height\":727},{\"@type\":\"BreadcrumbList\",\"@id\":\"https:\/\/www.navarrafilmindustry.com\/eu\/la-pelicula-negu-hurbilak-rodada-en-navarra-tendra-su-estreno-mundial-en-el-festival-de-cine-de-locarno\/#breadcrumb\",\"itemListElement\":[{\"@type\":\"ListItem\",\"position\":1,\"name\":\"Portada\",\"item\":\"https:\/\/www.navarrafilmindustry.com\/eu\/\"},{\"@type\":\"ListItem\",\"position\":2,\"name\":\"La pel\u00edcula &#8216;Negu hurbilak&#8217;, rodada en Navarra, tendr\u00e1 su estreno mundial en el Festival de Cine de Locarno\"}]},{\"@type\":\"WebSite\",\"@id\":\"https:\/\/www.navarrafilmindustry.com\/eu\/#website\",\"url\":\"https:\/\/www.navarrafilmindustry.com\/eu\/\",\"name\":\"NFI\",\"description\":\"\",\"potentialAction\":[{\"@type\":\"SearchAction\",\"target\":{\"@type\":\"EntryPoint\",\"urlTemplate\":\"https:\/\/www.navarrafilmindustry.com\/eu\/?s={search_term_string}\"},\"query-input\":{\"@type\":\"PropertyValueSpecification\",\"valueRequired\":true,\"valueName\":\"search_term_string\"}}],\"inLanguage\":\"eu-ES\"},{\"@type\":\"Person\",\"@id\":\"https:\/\/www.navarrafilmindustry.com\/eu\/#\/schema\/person\/2a64449def812c718a4769f9312843d7\",\"name\":\"NICDO\",\"image\":{\"@type\":\"ImageObject\",\"inLanguage\":\"eu-ES\",\"@id\":\"https:\/\/www.navarrafilmindustry.com\/eu\/#\/schema\/person\/image\/\",\"url\":\"https:\/\/secure.gravatar.com\/avatar\/1dd7fa306a36f00cc7d875c9d13bc2c5?s=96&d=mm&r=g\",\"contentUrl\":\"https:\/\/secure.gravatar.com\/avatar\/1dd7fa306a36f00cc7d875c9d13bc2c5?s=96&d=mm&r=g\",\"caption\":\"NICDO\"},\"url\":\"https:\/\/www.navarrafilmindustry.com\/eu\/author\/nicdo\/\"}]}<\/script>\n<!-- \/ Yoast SEO plugin. -->","yoast_head_json":{"title":"La pel\u00edcula 'Negu hurbilak', rodada en Navarra, tendr\u00e1 su estreno mundial en el Festival de Cine de Locarno - NFI","robots":{"index":"index","follow":"follow","max-snippet":"max-snippet:-1","max-image-preview":"max-image-preview:large","max-video-preview":"max-video-preview:-1"},"canonical":"https:\/\/www.navarrafilmindustry.com\/eu\/la-pelicula-negu-hurbilak-rodada-en-navarra-tendra-su-estreno-mundial-en-el-festival-de-cine-de-locarno\/","og_locale":"eu_ES","og_type":"article","og_title":"La pel\u00edcula 'Negu hurbilak', rodada en Navarra, tendr\u00e1 su estreno mundial en el Festival de Cine de Locarno - NFI","og_description":"Filmada \u00edntegramente en la localidad de Zubieta, la producci\u00f3n ha contado con la asistencia de Navarra Film Commission. El largometraje Negu hurbilak del Colectivo Negu, rodado \u00edntegramente en Navarra, tendr\u00e1 su estreno mundial en la secci\u00f3n Cineasti del presente de la 76.\u00aa edici\u00f3n del Festival Internacional de Cine de Locarno, que se celebra en la localidad suiza del 2 al 12 de agosto. Se trata de una secci\u00f3n que ofrece una selecci\u00f3n de primeros y segundos largometrajes, principalmente estrenos mundiales, dirigidos por talentos emergentes de todo el mundo. \u2018 Filmada el pasado mes de junio \u00edntegramente en la localidad navarra de Zubieta, en la comarca del Alto Bidasoa, la pel\u00edcula ha contado con la asistencia de Navarra Film Commission en la b\u00fasqueda de localizaciones, en la coordinaci\u00f3n con empresas de servicios y en la tramitaci\u00f3n de permisos con distintas entidades para hacer posible el rodaje. El film est\u00e1 protagonizado por Jone Laspiur (Goya a Mejor actriz revelaci\u00f3n por Ane) y cuenta con int\u00e9rpretes naturales del mismo pueblo de Zubieta: Ana Hualde, Be\u00f1ardo Iparragirre Mutuberria, Markos Juanikorena, Ibai Juanikorena y Bautista Santesteban. Se han programado cuatro pases de la cinta en Locarno,\u00a0 considerado uno de los festivales m\u00e1s importantes del mundo en lo que a cine experimental y de autor se refiere, donde competir\u00e1 por el Leopardo de Oro Cineasta del Presente: el mi\u00e9rcoles 9, a las 11:30 en PalaCinema 1; el jueves 10, a las 21:00 en L\u2019altra Sala; y el viernes 11, a la 13:30 en PalaCinema 2 y PalaCinema 3. La pel\u00edcula narra una historia que trascurre en 2011 cuando el prolongado conflicto que vive el Pa\u00eds Vasco parece llegar a su fin. Una joven huye con un claro objetivo: cruzar la frontera, la \u201cmuga\u201d, porque sabe que eso la podr\u00e1 llevar lejos de su lugar de origen,...","og_url":"https:\/\/www.navarrafilmindustry.com\/eu\/la-pelicula-negu-hurbilak-rodada-en-navarra-tendra-su-estreno-mundial-en-el-festival-de-cine-de-locarno\/","og_site_name":"NFI","article_published_time":"2023-08-03T11:25:06+00:00","article_modified_time":"2023-08-04T11:44:30+00:00","og_image":[{"width":1200,"height":727,"url":"https:\/\/www.navarrafilmindustry.com\/wp-content\/uploads\/2023\/08\/NH_01.jpg","type":"image\/jpeg"}],"author":"NICDO","twitter_card":"summary_large_image","twitter_misc":{"Written by":"NICDO","Est. reading time":"3 minutes"},"schema":{"@context":"https:\/\/schema.org","@graph":[{"@type":"WebPage","@id":"https:\/\/www.navarrafilmindustry.com\/eu\/la-pelicula-negu-hurbilak-rodada-en-navarra-tendra-su-estreno-mundial-en-el-festival-de-cine-de-locarno\/","url":"https:\/\/www.navarrafilmindustry.com\/eu\/la-pelicula-negu-hurbilak-rodada-en-navarra-tendra-su-estreno-mundial-en-el-festival-de-cine-de-locarno\/","name":"La pel\u00edcula 'Negu hurbilak', rodada en Navarra, tendr\u00e1 su estreno mundial en el Festival de Cine de Locarno - NFI","isPartOf":{"@id":"https:\/\/www.navarrafilmindustry.com\/eu\/#website"},"primaryImageOfPage":{"@id":"https:\/\/www.navarrafilmindustry.com\/eu\/la-pelicula-negu-hurbilak-rodada-en-navarra-tendra-su-estreno-mundial-en-el-festival-de-cine-de-locarno\/#primaryimage"},"image":{"@id":"https:\/\/www.navarrafilmindustry.com\/eu\/la-pelicula-negu-hurbilak-rodada-en-navarra-tendra-su-estreno-mundial-en-el-festival-de-cine-de-locarno\/#primaryimage"},"thumbnailUrl":"https:\/\/www.navarrafilmindustry.com\/wp-content\/uploads\/2023\/08\/NH_01.jpg","datePublished":"2023-08-03T11:25:06+00:00","dateModified":"2023-08-04T11:44:30+00:00","author":{"@id":"https:\/\/www.navarrafilmindustry.com\/eu\/#\/schema\/person\/2a64449def812c718a4769f9312843d7"},"breadcrumb":{"@id":"https:\/\/www.navarrafilmindustry.com\/eu\/la-pelicula-negu-hurbilak-rodada-en-navarra-tendra-su-estreno-mundial-en-el-festival-de-cine-de-locarno\/#breadcrumb"},"inLanguage":"eu-ES","potentialAction":[{"@type":"ReadAction","target":["https:\/\/www.navarrafilmindustry.com\/eu\/la-pelicula-negu-hurbilak-rodada-en-navarra-tendra-su-estreno-mundial-en-el-festival-de-cine-de-locarno\/"]}]},{"@type":"ImageObject","inLanguage":"eu-ES","@id":"https:\/\/www.navarrafilmindustry.com\/eu\/la-pelicula-negu-hurbilak-rodada-en-navarra-tendra-su-estreno-mundial-en-el-festival-de-cine-de-locarno\/#primaryimage","url":"https:\/\/www.navarrafilmindustry.com\/wp-content\/uploads\/2023\/08\/NH_01.jpg","contentUrl":"https:\/\/www.navarrafilmindustry.com\/wp-content\/uploads\/2023\/08\/NH_01.jpg","width":1200,"height":727},{"@type":"BreadcrumbList","@id":"https:\/\/www.navarrafilmindustry.com\/eu\/la-pelicula-negu-hurbilak-rodada-en-navarra-tendra-su-estreno-mundial-en-el-festival-de-cine-de-locarno\/#breadcrumb","itemListElement":[{"@type":"ListItem","position":1,"name":"Portada","item":"https:\/\/www.navarrafilmindustry.com\/eu\/"},{"@type":"ListItem","position":2,"name":"La pel\u00edcula &#8216;Negu hurbilak&#8217;, rodada en Navarra, tendr\u00e1 su estreno mundial en el Festival de Cine de Locarno"}]},{"@type":"WebSite","@id":"https:\/\/www.navarrafilmindustry.com\/eu\/#website","url":"https:\/\/www.navarrafilmindustry.com\/eu\/","name":"NFI","description":"","potentialAction":[{"@type":"SearchAction","target":{"@type":"EntryPoint","urlTemplate":"https:\/\/www.navarrafilmindustry.com\/eu\/?s={search_term_string}"},"query-input":{"@type":"PropertyValueSpecification","valueRequired":true,"valueName":"search_term_string"}}],"inLanguage":"eu-ES"},{"@type":"Person","@id":"https:\/\/www.navarrafilmindustry.com\/eu\/#\/schema\/person\/2a64449def812c718a4769f9312843d7","name":"NICDO","image":{"@type":"ImageObject","inLanguage":"eu-ES","@id":"https:\/\/www.navarrafilmindustry.com\/eu\/#\/schema\/person\/image\/","url":"https:\/\/secure.gravatar.com\/avatar\/1dd7fa306a36f00cc7d875c9d13bc2c5?s=96&d=mm&r=g","contentUrl":"https:\/\/secure.gravatar.com\/avatar\/1dd7fa306a36f00cc7d875c9d13bc2c5?s=96&d=mm&r=g","caption":"NICDO"},"url":"https:\/\/www.navarrafilmindustry.com\/eu\/author\/nicdo\/"}]}},"_links":{"self":[{"href":"https:\/\/www.navarrafilmindustry.com\/eu\/wp-json\/wp\/v2\/posts\/37003"}],"collection":[{"href":"https:\/\/www.navarrafilmindustry.com\/eu\/wp-json\/wp\/v2\/posts"}],"about":[{"href":"https:\/\/www.navarrafilmindustry.com\/eu\/wp-json\/wp\/v2\/types\/post"}],"author":[{"embeddable":true,"href":"https:\/\/www.navarrafilmindustry.com\/eu\/wp-json\/wp\/v2\/users\/3"}],"replies":[{"embeddable":true,"href":"https:\/\/www.navarrafilmindustry.com\/eu\/wp-json\/wp\/v2\/comments?post=37003"}],"version-history":[{"count":6,"href":"https:\/\/www.navarrafilmindustry.com\/eu\/wp-json\/wp\/v2\/posts\/37003\/revisions"}],"predecessor-version":[{"id":37021,"href":"https:\/\/www.navarrafilmindustry.com\/eu\/wp-json\/wp\/v2\/posts\/37003\/revisions\/37021"}],"wp:featuredmedia":[{"embeddable":true,"href":"https:\/\/www.navarrafilmindustry.com\/eu\/wp-json\/wp\/v2\/media\/37004"}],"wp:attachment":[{"href":"https:\/\/www.navarrafilmindustry.com\/eu\/wp-json\/wp\/v2\/media?parent=37003"}],"wp:term":[{"taxonomy":"category","embeddable":true,"href":"https:\/\/www.navarrafilmindustry.com\/eu\/wp-json\/wp\/v2\/categories?post=37003"},{"taxonomy":"post_tag","embeddable":true,"href":"https:\/\/www.navarrafilmindustry.com\/eu\/wp-json\/wp\/v2\/tags?post=37003"}],"curies":[{"name":"wp","href":"https:\/\/api.w.org\/{rel}","templated":true}]}}