{"id":12768,"date":"2022-10-05T11:42:39","date_gmt":"2022-10-05T11:42:39","guid":{"rendered":"https:\/\/www.navarrafilmindustry.com\/?p=12768"},"modified":"2022-11-11T16:07:56","modified_gmt":"2022-11-11T16:07:56","slug":"cultura-presenta-los-seis-cortometrajes-seleccionados-en-el-primer-catalogo-navarra-shortzinema","status":"publish","type":"post","link":"https:\/\/www.navarrafilmindustry.com\/eu\/cultura-presenta-los-seis-cortometrajes-seleccionados-en-el-primer-catalogo-navarra-shortzinema\/","title":{"rendered":"Cultura presenta los seis cortometrajes seleccionados en el primer cat\u00e1logo Navarra Shortzinema"},"content":{"rendered":"<h4><em>Los cineastas responsables de los proyectos han dado a conocer sus obras en la Filmoteca de Navarra<\/em><\/h4>\n<p>La Direcci\u00f3n General de Cultura-Instituci\u00f3n Pr\u00edncipe de Viana ha presentado en la <a href=\"https:\/\/www.filmotecanavarra.com\/\" target=\"_blank\" rel=\"noopener\">Filmoteca de Navarra<\/a> los<strong> seis cortometrajes<\/strong> que representan a la Comunidad Foral en la primera edici\u00f3n del <a href=\"https:\/\/www.culturanavarra.es\/es\/navarra-shortzinema-catalogo-de-cortometrajes\" target=\"_blank\" rel=\"noopener\">Cat\u00e1logo Navarra Shortzinema<\/a>, en una sesi\u00f3n a la que han asistido los directores y directoras de las obras, que han podido hablar con el p\u00fablico de sus trabajos.<\/p>\n<p>La selecci\u00f3n, realizada por un comit\u00e9 de expertos, busca \u201cel reconocimiento, la promoci\u00f3n y difusi\u00f3n de cortometrajes de directores y directoras y\/o productoras navarras\u201d, seg\u00fan explican desde el <strong>Servicio de Acci\u00f3n Cultural de la Direcci\u00f3n General de Cultura<\/strong>.<\/p>\n<p>\u201cEl programa Navarra Shortzinema consiste en la selecci\u00f3n de los mejores cortometrajes navarros para presentar en los festivales, ferias y mercados m\u00e1s importantes del sector, y para su difusi\u00f3n en Navarra, en otras filmotecas de \u00e1mbito nacional, as\u00ed como en casas de cultura y salas de cine comerciales\u201d, han detallado.<\/p>\n<p>Todas las obras han sido rodadas en los \u00faltimos doce meses, y son de estilos, g\u00e9neros y tem\u00e1ticas \u201cmuy distintas\u201d. Entre ellos hay cortos de animaci\u00f3n, de ficci\u00f3n, documental y experimental.<\/p>\n<p>Durante la sesi\u00f3n, se proyectaron \u00edntegramente dos de las obras: \u201cOur voices\u201d, de Natxo Leuza y \u201cSan Sim\u00f3n 62\u201d, de Irati Gorostidi y Mirari Ech\u00e1varri. Por otro lado, se proyectaron fragmentos de \u201cHezur berriak\u201d, de Haritz Lazkano; \u201cAlas \/ Tierra\u201d, de Maddi Barber; \u201cAmanece la noche m\u00e1s larga\u201d de Carlos Fern\u00e1ndez de Vigo y Lorena Ares y \u201cEl querer\u201d, de Miguel Machetti.<\/p>\n<p>El cat\u00e1logo persigue \u201cque estos cortos tengan la mayor visibilidad posible\u201d. En ese sentido, se trabaja en estos momentos en la creaci\u00f3n de un circuito con las comunidades aut\u00f3nomas del norte (Galicia, Asturias, Cantabria, Euskadi y Navarra) para que los proyectos incluidos en los cat\u00e1logos de cada una de ellas puedan verse en las otras cuatro.<\/p>\n<p>Los directores y directoras de los cuatro trabajos que, por tener comprometido su estreno en diferentes festivales, solo han podido proyectar un teaser, han contado algunos pormenores del desarrollo y producci\u00f3n de sus proyectos.<\/p>\n<p>Adem\u00e1s, se ha destacado la importancia de iniciativas como Navarra Shortzinema, que suponen \u201cun espaldarazo y una carta de presentaci\u00f3n\u201d para los cortos seleccionados.<\/p>\n<h4>Los cortometrajes<\/h4>\n<p>\u201cOur voices\u201d, de <strong>Natxo Leuza<\/strong>, da voz a tres j\u00f3venes refugiados afganos. Se ha podido ver en la pasada edici\u00f3n del festival Filmmaking for Social Change. Por su parte, \u201cSan Sim\u00f3n 62\u201d, de<strong> Irati Gorostidi<\/strong> y <strong>Mirari Ech\u00e1varri<\/strong>, hace una aproximaci\u00f3n \u201cmuy personal\u201d a la comunidad Arco Iris, que durante el final de los setenta y principio de los ochenta, tuvo una vida muy activa en Lizaso. El cortometraje, seleccionado para el programa <strong>X Films<\/strong>, ha podido verse en la \u00faltima edici\u00f3n del <a href=\"https:\/\/www.puntodevistafestival.com\/index.asp\" target=\"_blank\" rel=\"noopener\">festival Punto de Vista <\/a>(integrado en la sociedad p\u00fablica <strong>NICDO<\/strong>).<\/p>\n<p>Por otro lado, en \u201cHezur berriak\u201d, de <strong>Haritz Lazkano<\/strong>, se retrata a los \u201cexiliados que huyen de Portugal en 1969, en la frontera navarra con Francia\u201d y a \u201cuna trama de contrabandistas que explota sus miserias\u201d. En \u201cAlas \/ Tierra\u201d, de <strong>Maddi Barber<\/strong>, se muestra \u201cun d\u00edptico sobre los procesos de aprendizaje de nuestra relaci\u00f3n con otras especies, a partir de un poema de la veterinaria y escritora Mar\u00eda S\u00e1nchez\u201d.<\/p>\n<p>En la propuesta de animaci\u00f3n \u201cAmanece la noche m\u00e1s larga\u201d, de <strong>Carlos Fern\u00e1ndez de Vigo<\/strong> y <strong>Lorena Ares<\/strong>, \u201cLos cuatro jinetes del Apocalipsis se re\u00fanen para analizar el estado de la humanidad y discutir sus estrategias para el futuro\u201d. Por \u00faltimo, en \u201cEl querer\u201d, de <strong>Miguel Machetti<\/strong>, \u201cAdela cuida de su amigo del alma Miguel, enfermo de sida, que le cuenta un secreto que nunca nadie supo, en Cuenca a principios de los 90\u201d.<\/p>\n","protected":false},"excerpt":{"rendered":"<p>Los cineastas responsables de los proyectos han dado a conocer sus obras en la Filmoteca de Navarra La Direcci\u00f3n General de Cultura-Instituci\u00f3n Pr\u00edncipe de Viana ha presentado en la Filmoteca de Navarra los seis cortometrajes que representan a la Comunidad Foral en la primera edici\u00f3n del Cat\u00e1logo Navarra Shortzinema, en una sesi\u00f3n a la que han asistido los directores y directoras de las obras, que han podido hablar con el p\u00fablico de sus trabajos. La selecci\u00f3n, realizada por un comit\u00e9 de expertos, busca \u201cel reconocimiento, la promoci\u00f3n y difusi\u00f3n de cortometrajes de directores y directoras y\/o productoras navarras\u201d, seg\u00fan explican desde el Servicio de Acci\u00f3n Cultural de la Direcci\u00f3n General de Cultura. \u201cEl programa Navarra Shortzinema consiste en la selecci\u00f3n de los mejores cortometrajes navarros para presentar en los festivales, ferias y mercados m\u00e1s importantes del sector, y para su difusi\u00f3n en Navarra, en otras filmotecas de \u00e1mbito nacional, as\u00ed como en casas de cultura y salas de cine comerciales\u201d, han detallado. Todas las obras han sido rodadas en los \u00faltimos doce meses, y son de estilos, g\u00e9neros y tem\u00e1ticas \u201cmuy distintas\u201d. Entre ellos hay cortos de animaci\u00f3n, de ficci\u00f3n, documental y experimental. Durante la sesi\u00f3n, se proyectaron \u00edntegramente dos de las obras: \u201cOur voices\u201d, de Natxo Leuza y \u201cSan Sim\u00f3n 62\u201d, de Irati Gorostidi y Mirari Ech\u00e1varri. Por otro lado, se proyectaron fragmentos de \u201cHezur berriak\u201d, de Haritz Lazkano; \u201cAlas \/ Tierra\u201d, de Maddi Barber; \u201cAmanece la noche m\u00e1s larga\u201d de Carlos Fern\u00e1ndez de Vigo y Lorena Ares y \u201cEl querer\u201d, de Miguel Machetti. El cat\u00e1logo persigue \u201cque estos cortos tengan la mayor visibilidad posible\u201d. En ese sentido, se trabaja en estos momentos en la creaci\u00f3n de un circuito con las comunidades aut\u00f3nomas del norte (Galicia, Asturias, Cantabria, Euskadi y Navarra) para que los proyectos incluidos en los cat\u00e1logos&#8230;<\/p>\n","protected":false},"author":3,"featured_media":12769,"comment_status":"closed","ping_status":"closed","sticky":false,"template":"","format":"standard","meta":{"_acf_changed":false,"footnotes":""},"categories":[1],"tags":[],"class_list":{"0":"post-12768","1":"post","2":"type-post","3":"status-publish","4":"format-standard","5":"has-post-thumbnail","7":"category-noticias"},"acf":[],"yoast_head":"<!-- This site is optimized with the Yoast SEO plugin v23.7 - https:\/\/yoast.com\/wordpress\/plugins\/seo\/ -->\n<title>Cultura presenta los seis cortometrajes seleccionados en el primer cat\u00e1logo Navarra Shortzinema - NFI<\/title>\n<meta name=\"robots\" content=\"index, follow, max-snippet:-1, max-image-preview:large, max-video-preview:-1\" \/>\n<link rel=\"canonical\" href=\"https:\/\/www.navarrafilmindustry.com\/es\/cultura-presenta-los-seis-cortometrajes-seleccionados-en-el-primer-catalogo-navarra-shortzinema\/\" \/>\n<meta property=\"og:locale\" content=\"eu_ES\" \/>\n<meta property=\"og:type\" content=\"article\" \/>\n<meta property=\"og:title\" content=\"Cultura presenta los seis cortometrajes seleccionados en el primer cat\u00e1logo Navarra Shortzinema - NFI\" \/>\n<meta property=\"og:description\" content=\"Los cineastas responsables de los proyectos han dado a conocer sus obras en la Filmoteca de Navarra La Direcci\u00f3n General de Cultura-Instituci\u00f3n Pr\u00edncipe de Viana ha presentado en la Filmoteca de Navarra los seis cortometrajes que representan a la Comunidad Foral en la primera edici\u00f3n del Cat\u00e1logo Navarra Shortzinema, en una sesi\u00f3n a la que han asistido los directores y directoras de las obras, que han podido hablar con el p\u00fablico de sus trabajos. La selecci\u00f3n, realizada por un comit\u00e9 de expertos, busca \u201cel reconocimiento, la promoci\u00f3n y difusi\u00f3n de cortometrajes de directores y directoras y\/o productoras navarras\u201d, seg\u00fan explican desde el Servicio de Acci\u00f3n Cultural de la Direcci\u00f3n General de Cultura. \u201cEl programa Navarra Shortzinema consiste en la selecci\u00f3n de los mejores cortometrajes navarros para presentar en los festivales, ferias y mercados m\u00e1s importantes del sector, y para su difusi\u00f3n en Navarra, en otras filmotecas de \u00e1mbito nacional, as\u00ed como en casas de cultura y salas de cine comerciales\u201d, han detallado. Todas las obras han sido rodadas en los \u00faltimos doce meses, y son de estilos, g\u00e9neros y tem\u00e1ticas \u201cmuy distintas\u201d. Entre ellos hay cortos de animaci\u00f3n, de ficci\u00f3n, documental y experimental. Durante la sesi\u00f3n, se proyectaron \u00edntegramente dos de las obras: \u201cOur voices\u201d, de Natxo Leuza y \u201cSan Sim\u00f3n 62\u201d, de Irati Gorostidi y Mirari Ech\u00e1varri. Por otro lado, se proyectaron fragmentos de \u201cHezur berriak\u201d, de Haritz Lazkano; \u201cAlas \/ Tierra\u201d, de Maddi Barber; \u201cAmanece la noche m\u00e1s larga\u201d de Carlos Fern\u00e1ndez de Vigo y Lorena Ares y \u201cEl querer\u201d, de Miguel Machetti. El cat\u00e1logo persigue \u201cque estos cortos tengan la mayor visibilidad posible\u201d. En ese sentido, se trabaja en estos momentos en la creaci\u00f3n de un circuito con las comunidades aut\u00f3nomas del norte (Galicia, Asturias, Cantabria, Euskadi y Navarra) para que los proyectos incluidos en los cat\u00e1logos...\" \/>\n<meta property=\"og:url\" content=\"https:\/\/www.navarrafilmindustry.com\/es\/cultura-presenta-los-seis-cortometrajes-seleccionados-en-el-primer-catalogo-navarra-shortzinema\/\" \/>\n<meta property=\"og:site_name\" content=\"NFI\" \/>\n<meta property=\"article:published_time\" content=\"2022-10-05T11:42:39+00:00\" \/>\n<meta property=\"article:modified_time\" content=\"2022-11-11T16:07:56+00:00\" \/>\n<meta property=\"og:image\" content=\"https:\/\/www.navarrafilmindustry.com\/wp-content\/uploads\/2022\/10\/051022CU20-MOM_2187-scaled.jpg\" \/>\n\t<meta property=\"og:image:width\" content=\"2560\" \/>\n\t<meta property=\"og:image:height\" content=\"1706\" \/>\n\t<meta property=\"og:image:type\" content=\"image\/jpeg\" \/>\n<meta name=\"author\" content=\"NICDO\" \/>\n<meta name=\"twitter:card\" content=\"summary_large_image\" \/>\n<meta name=\"twitter:label1\" content=\"Written by\" \/>\n\t<meta name=\"twitter:data1\" content=\"NICDO\" \/>\n\t<meta name=\"twitter:label2\" content=\"Est. reading time\" \/>\n\t<meta name=\"twitter:data2\" content=\"3 minutes\" \/>\n<script type=\"application\/ld+json\" class=\"yoast-schema-graph\">{\"@context\":\"https:\/\/schema.org\",\"@graph\":[{\"@type\":\"WebPage\",\"@id\":\"https:\/\/www.navarrafilmindustry.com\/es\/cultura-presenta-los-seis-cortometrajes-seleccionados-en-el-primer-catalogo-navarra-shortzinema\/\",\"url\":\"https:\/\/www.navarrafilmindustry.com\/es\/cultura-presenta-los-seis-cortometrajes-seleccionados-en-el-primer-catalogo-navarra-shortzinema\/\",\"name\":\"Cultura presenta los seis cortometrajes seleccionados en el primer cat\u00e1logo Navarra Shortzinema - NFI\",\"isPartOf\":{\"@id\":\"https:\/\/www.navarrafilmindustry.com\/eu\/#website\"},\"primaryImageOfPage\":{\"@id\":\"https:\/\/www.navarrafilmindustry.com\/es\/cultura-presenta-los-seis-cortometrajes-seleccionados-en-el-primer-catalogo-navarra-shortzinema\/#primaryimage\"},\"image\":{\"@id\":\"https:\/\/www.navarrafilmindustry.com\/es\/cultura-presenta-los-seis-cortometrajes-seleccionados-en-el-primer-catalogo-navarra-shortzinema\/#primaryimage\"},\"thumbnailUrl\":\"https:\/\/www.navarrafilmindustry.com\/wp-content\/uploads\/2022\/10\/051022CU20-MOM_2187-scaled.jpg\",\"datePublished\":\"2022-10-05T11:42:39+00:00\",\"dateModified\":\"2022-11-11T16:07:56+00:00\",\"author\":{\"@id\":\"https:\/\/www.navarrafilmindustry.com\/eu\/#\/schema\/person\/2a64449def812c718a4769f9312843d7\"},\"breadcrumb\":{\"@id\":\"https:\/\/www.navarrafilmindustry.com\/es\/cultura-presenta-los-seis-cortometrajes-seleccionados-en-el-primer-catalogo-navarra-shortzinema\/#breadcrumb\"},\"inLanguage\":\"eu-ES\",\"potentialAction\":[{\"@type\":\"ReadAction\",\"target\":[\"https:\/\/www.navarrafilmindustry.com\/es\/cultura-presenta-los-seis-cortometrajes-seleccionados-en-el-primer-catalogo-navarra-shortzinema\/\"]}]},{\"@type\":\"ImageObject\",\"inLanguage\":\"eu-ES\",\"@id\":\"https:\/\/www.navarrafilmindustry.com\/es\/cultura-presenta-los-seis-cortometrajes-seleccionados-en-el-primer-catalogo-navarra-shortzinema\/#primaryimage\",\"url\":\"https:\/\/www.navarrafilmindustry.com\/wp-content\/uploads\/2022\/10\/051022CU20-MOM_2187-scaled.jpg\",\"contentUrl\":\"https:\/\/www.navarrafilmindustry.com\/wp-content\/uploads\/2022\/10\/051022CU20-MOM_2187-scaled.jpg\",\"width\":2560,\"height\":1706,\"caption\":\"Filmoteca. Miguel Os\u00e9s\"},{\"@type\":\"BreadcrumbList\",\"@id\":\"https:\/\/www.navarrafilmindustry.com\/es\/cultura-presenta-los-seis-cortometrajes-seleccionados-en-el-primer-catalogo-navarra-shortzinema\/#breadcrumb\",\"itemListElement\":[{\"@type\":\"ListItem\",\"position\":1,\"name\":\"Portada\",\"item\":\"https:\/\/www.navarrafilmindustry.com\/eu\/\"},{\"@type\":\"ListItem\",\"position\":2,\"name\":\"Cultura presenta los seis cortometrajes seleccionados en el primer cat\u00e1logo Navarra Shortzinema\"}]},{\"@type\":\"WebSite\",\"@id\":\"https:\/\/www.navarrafilmindustry.com\/eu\/#website\",\"url\":\"https:\/\/www.navarrafilmindustry.com\/eu\/\",\"name\":\"NFI\",\"description\":\"\",\"potentialAction\":[{\"@type\":\"SearchAction\",\"target\":{\"@type\":\"EntryPoint\",\"urlTemplate\":\"https:\/\/www.navarrafilmindustry.com\/eu\/?s={search_term_string}\"},\"query-input\":{\"@type\":\"PropertyValueSpecification\",\"valueRequired\":true,\"valueName\":\"search_term_string\"}}],\"inLanguage\":\"eu-ES\"},{\"@type\":\"Person\",\"@id\":\"https:\/\/www.navarrafilmindustry.com\/eu\/#\/schema\/person\/2a64449def812c718a4769f9312843d7\",\"name\":\"NICDO\",\"image\":{\"@type\":\"ImageObject\",\"inLanguage\":\"eu-ES\",\"@id\":\"https:\/\/www.navarrafilmindustry.com\/eu\/#\/schema\/person\/image\/\",\"url\":\"https:\/\/secure.gravatar.com\/avatar\/1dd7fa306a36f00cc7d875c9d13bc2c5?s=96&d=mm&r=g\",\"contentUrl\":\"https:\/\/secure.gravatar.com\/avatar\/1dd7fa306a36f00cc7d875c9d13bc2c5?s=96&d=mm&r=g\",\"caption\":\"NICDO\"},\"url\":\"https:\/\/www.navarrafilmindustry.com\/eu\/author\/nicdo\/\"}]}<\/script>\n<!-- \/ Yoast SEO plugin. -->","yoast_head_json":{"title":"Cultura presenta los seis cortometrajes seleccionados en el primer cat\u00e1logo Navarra Shortzinema - NFI","robots":{"index":"index","follow":"follow","max-snippet":"max-snippet:-1","max-image-preview":"max-image-preview:large","max-video-preview":"max-video-preview:-1"},"canonical":"https:\/\/www.navarrafilmindustry.com\/es\/cultura-presenta-los-seis-cortometrajes-seleccionados-en-el-primer-catalogo-navarra-shortzinema\/","og_locale":"eu_ES","og_type":"article","og_title":"Cultura presenta los seis cortometrajes seleccionados en el primer cat\u00e1logo Navarra Shortzinema - NFI","og_description":"Los cineastas responsables de los proyectos han dado a conocer sus obras en la Filmoteca de Navarra La Direcci\u00f3n General de Cultura-Instituci\u00f3n Pr\u00edncipe de Viana ha presentado en la Filmoteca de Navarra los seis cortometrajes que representan a la Comunidad Foral en la primera edici\u00f3n del Cat\u00e1logo Navarra Shortzinema, en una sesi\u00f3n a la que han asistido los directores y directoras de las obras, que han podido hablar con el p\u00fablico de sus trabajos. La selecci\u00f3n, realizada por un comit\u00e9 de expertos, busca \u201cel reconocimiento, la promoci\u00f3n y difusi\u00f3n de cortometrajes de directores y directoras y\/o productoras navarras\u201d, seg\u00fan explican desde el Servicio de Acci\u00f3n Cultural de la Direcci\u00f3n General de Cultura. \u201cEl programa Navarra Shortzinema consiste en la selecci\u00f3n de los mejores cortometrajes navarros para presentar en los festivales, ferias y mercados m\u00e1s importantes del sector, y para su difusi\u00f3n en Navarra, en otras filmotecas de \u00e1mbito nacional, as\u00ed como en casas de cultura y salas de cine comerciales\u201d, han detallado. Todas las obras han sido rodadas en los \u00faltimos doce meses, y son de estilos, g\u00e9neros y tem\u00e1ticas \u201cmuy distintas\u201d. Entre ellos hay cortos de animaci\u00f3n, de ficci\u00f3n, documental y experimental. Durante la sesi\u00f3n, se proyectaron \u00edntegramente dos de las obras: \u201cOur voices\u201d, de Natxo Leuza y \u201cSan Sim\u00f3n 62\u201d, de Irati Gorostidi y Mirari Ech\u00e1varri. Por otro lado, se proyectaron fragmentos de \u201cHezur berriak\u201d, de Haritz Lazkano; \u201cAlas \/ Tierra\u201d, de Maddi Barber; \u201cAmanece la noche m\u00e1s larga\u201d de Carlos Fern\u00e1ndez de Vigo y Lorena Ares y \u201cEl querer\u201d, de Miguel Machetti. El cat\u00e1logo persigue \u201cque estos cortos tengan la mayor visibilidad posible\u201d. En ese sentido, se trabaja en estos momentos en la creaci\u00f3n de un circuito con las comunidades aut\u00f3nomas del norte (Galicia, Asturias, Cantabria, Euskadi y Navarra) para que los proyectos incluidos en los cat\u00e1logos...","og_url":"https:\/\/www.navarrafilmindustry.com\/es\/cultura-presenta-los-seis-cortometrajes-seleccionados-en-el-primer-catalogo-navarra-shortzinema\/","og_site_name":"NFI","article_published_time":"2022-10-05T11:42:39+00:00","article_modified_time":"2022-11-11T16:07:56+00:00","og_image":[{"width":2560,"height":1706,"url":"https:\/\/www.navarrafilmindustry.com\/wp-content\/uploads\/2022\/10\/051022CU20-MOM_2187-scaled.jpg","type":"image\/jpeg"}],"author":"NICDO","twitter_card":"summary_large_image","twitter_misc":{"Written by":"NICDO","Est. reading time":"3 minutes"},"schema":{"@context":"https:\/\/schema.org","@graph":[{"@type":"WebPage","@id":"https:\/\/www.navarrafilmindustry.com\/es\/cultura-presenta-los-seis-cortometrajes-seleccionados-en-el-primer-catalogo-navarra-shortzinema\/","url":"https:\/\/www.navarrafilmindustry.com\/es\/cultura-presenta-los-seis-cortometrajes-seleccionados-en-el-primer-catalogo-navarra-shortzinema\/","name":"Cultura presenta los seis cortometrajes seleccionados en el primer cat\u00e1logo Navarra Shortzinema - NFI","isPartOf":{"@id":"https:\/\/www.navarrafilmindustry.com\/eu\/#website"},"primaryImageOfPage":{"@id":"https:\/\/www.navarrafilmindustry.com\/es\/cultura-presenta-los-seis-cortometrajes-seleccionados-en-el-primer-catalogo-navarra-shortzinema\/#primaryimage"},"image":{"@id":"https:\/\/www.navarrafilmindustry.com\/es\/cultura-presenta-los-seis-cortometrajes-seleccionados-en-el-primer-catalogo-navarra-shortzinema\/#primaryimage"},"thumbnailUrl":"https:\/\/www.navarrafilmindustry.com\/wp-content\/uploads\/2022\/10\/051022CU20-MOM_2187-scaled.jpg","datePublished":"2022-10-05T11:42:39+00:00","dateModified":"2022-11-11T16:07:56+00:00","author":{"@id":"https:\/\/www.navarrafilmindustry.com\/eu\/#\/schema\/person\/2a64449def812c718a4769f9312843d7"},"breadcrumb":{"@id":"https:\/\/www.navarrafilmindustry.com\/es\/cultura-presenta-los-seis-cortometrajes-seleccionados-en-el-primer-catalogo-navarra-shortzinema\/#breadcrumb"},"inLanguage":"eu-ES","potentialAction":[{"@type":"ReadAction","target":["https:\/\/www.navarrafilmindustry.com\/es\/cultura-presenta-los-seis-cortometrajes-seleccionados-en-el-primer-catalogo-navarra-shortzinema\/"]}]},{"@type":"ImageObject","inLanguage":"eu-ES","@id":"https:\/\/www.navarrafilmindustry.com\/es\/cultura-presenta-los-seis-cortometrajes-seleccionados-en-el-primer-catalogo-navarra-shortzinema\/#primaryimage","url":"https:\/\/www.navarrafilmindustry.com\/wp-content\/uploads\/2022\/10\/051022CU20-MOM_2187-scaled.jpg","contentUrl":"https:\/\/www.navarrafilmindustry.com\/wp-content\/uploads\/2022\/10\/051022CU20-MOM_2187-scaled.jpg","width":2560,"height":1706,"caption":"Filmoteca. Miguel Os\u00e9s"},{"@type":"BreadcrumbList","@id":"https:\/\/www.navarrafilmindustry.com\/es\/cultura-presenta-los-seis-cortometrajes-seleccionados-en-el-primer-catalogo-navarra-shortzinema\/#breadcrumb","itemListElement":[{"@type":"ListItem","position":1,"name":"Portada","item":"https:\/\/www.navarrafilmindustry.com\/eu\/"},{"@type":"ListItem","position":2,"name":"Cultura presenta los seis cortometrajes seleccionados en el primer cat\u00e1logo Navarra Shortzinema"}]},{"@type":"WebSite","@id":"https:\/\/www.navarrafilmindustry.com\/eu\/#website","url":"https:\/\/www.navarrafilmindustry.com\/eu\/","name":"NFI","description":"","potentialAction":[{"@type":"SearchAction","target":{"@type":"EntryPoint","urlTemplate":"https:\/\/www.navarrafilmindustry.com\/eu\/?s={search_term_string}"},"query-input":{"@type":"PropertyValueSpecification","valueRequired":true,"valueName":"search_term_string"}}],"inLanguage":"eu-ES"},{"@type":"Person","@id":"https:\/\/www.navarrafilmindustry.com\/eu\/#\/schema\/person\/2a64449def812c718a4769f9312843d7","name":"NICDO","image":{"@type":"ImageObject","inLanguage":"eu-ES","@id":"https:\/\/www.navarrafilmindustry.com\/eu\/#\/schema\/person\/image\/","url":"https:\/\/secure.gravatar.com\/avatar\/1dd7fa306a36f00cc7d875c9d13bc2c5?s=96&d=mm&r=g","contentUrl":"https:\/\/secure.gravatar.com\/avatar\/1dd7fa306a36f00cc7d875c9d13bc2c5?s=96&d=mm&r=g","caption":"NICDO"},"url":"https:\/\/www.navarrafilmindustry.com\/eu\/author\/nicdo\/"}]}},"_links":{"self":[{"href":"https:\/\/www.navarrafilmindustry.com\/eu\/wp-json\/wp\/v2\/posts\/12768"}],"collection":[{"href":"https:\/\/www.navarrafilmindustry.com\/eu\/wp-json\/wp\/v2\/posts"}],"about":[{"href":"https:\/\/www.navarrafilmindustry.com\/eu\/wp-json\/wp\/v2\/types\/post"}],"author":[{"embeddable":true,"href":"https:\/\/www.navarrafilmindustry.com\/eu\/wp-json\/wp\/v2\/users\/3"}],"replies":[{"embeddable":true,"href":"https:\/\/www.navarrafilmindustry.com\/eu\/wp-json\/wp\/v2\/comments?post=12768"}],"version-history":[{"count":2,"href":"https:\/\/www.navarrafilmindustry.com\/eu\/wp-json\/wp\/v2\/posts\/12768\/revisions"}],"predecessor-version":[{"id":12842,"href":"https:\/\/www.navarrafilmindustry.com\/eu\/wp-json\/wp\/v2\/posts\/12768\/revisions\/12842"}],"wp:featuredmedia":[{"embeddable":true,"href":"https:\/\/www.navarrafilmindustry.com\/eu\/wp-json\/wp\/v2\/media\/12769"}],"wp:attachment":[{"href":"https:\/\/www.navarrafilmindustry.com\/eu\/wp-json\/wp\/v2\/media?parent=12768"}],"wp:term":[{"taxonomy":"category","embeddable":true,"href":"https:\/\/www.navarrafilmindustry.com\/eu\/wp-json\/wp\/v2\/categories?post=12768"},{"taxonomy":"post_tag","embeddable":true,"href":"https:\/\/www.navarrafilmindustry.com\/eu\/wp-json\/wp\/v2\/tags?post=12768"}],"curies":[{"name":"wp","href":"https:\/\/api.w.org\/{rel}","templated":true}]}}