{"id":12300,"date":"2022-09-02T13:08:36","date_gmt":"2022-09-02T13:08:36","guid":{"rendered":"http:\/\/nfc.plannertest.com\/presencia-navarra-en-la-jornada-de-coproduccion-eurorregional-del-festval-de-vitoria-gasteiz-el-9-de-septiembre\/"},"modified":"2022-11-11T16:10:36","modified_gmt":"2022-11-11T16:10:36","slug":"presencia-navarra-jornada-de-coproduccion-eurorregional-del-festval-de-vitoria-gasteiz","status":"publish","type":"post","link":"https:\/\/www.navarrafilmindustry.com\/eu\/presencia-navarra-jornada-de-coproduccion-eurorregional-del-festval-de-vitoria-gasteiz\/","title":{"rendered":"Presencia navarra en la jornada de coproducci\u00f3n eurorregional del FESTVAL de Vitoria-Gasteiz el 9 de septiembre"},"content":{"rendered":"<p>La Comunidad Foral de Navarra estar\u00e1 representada en la jornada dedicada a la coproducci\u00f3n eurorregional que tendr\u00e1 lugar durante el FESTVAL en Vitoria-Gasteiz, el 9 de septiembre. Esta jornada, consistente en una sesi\u00f3n de pitch y una mesa redonda, est\u00e1 organizada por Eurorregi\u00f3n Nueva Aquitania Euskadi Navarra, la R\u00e9gion Nueva-Aquitania, la Agencia del Libro Cine y Audiovisual de Nueva-Aquitania (ALCA), el Gobierno Vasco, Zineuskadi, el Gobierno de Navarra y el FESTVAL de Vitoria-Gasteitz.<\/p>\n<p><em>Parteras y Demonios<\/em> de Aritz Lazkano, producido por Skullmendi, es el proyecto navarro que participar\u00e1, a las 12:00, al inicio de la jornada, en la sesi\u00f3n de lanzamiento de las series seleccionadas para el &#8220;Premio NAEN Euroregi\u00f3n de Series&#8221;. El ganador recibir\u00e1 un premio de 6.000 euros en la gala del d\u00eda siguiente. Adem\u00e1s de <em>Parteras y Demonios,<\/em> entre los finalistas est\u00e1n los siguientes proyectos:<\/p>\n<ul>\n<li><em>Pisukideak<\/em> de Koldo Almandoz, producido por Garabi Films<\/li>\n<li><em>Saisons d\u2019oiseaux <\/em>de Isis Letterie, producida por Novamina<\/li>\n<li><em>Kantuen kontrabandista<\/em> de Iban Rusinol, producido por Kestu<\/li>\n<li><em>Baile de M\u00e1scaras<\/em> de Irantzu Varela &amp; Pablo Vikande, producido por Maluta y Bixagu<\/li>\n<li><em>Kima &amp; Amik <\/em>de Miren Berasategi, producido por Lotura<\/li>\n<\/ul>\n<p>Adem\u00e1s, la jornada contar\u00e1 con una mesa redonda sobre los retos y las oportunidades de las coproducciones audiovisuales eurorregionales en la que participar\u00e1 la productora Itziar Garc\u00eda Zubiri, que moderar\u00e1 una sesi\u00f3n donde tambi\u00e9n participar\u00e1n:<\/p>\n<ul>\n<li>Fernando Victoria de Lecea, productor<\/li>\n<li>J\u00e9r\u00f4me Vidal, productor<\/li>\n<li>Aintzane P\u00e9rez del Palomar, representante de EiTB, responsable de derechos de antena y coproducciones<\/li>\n<li>Lo\u00efc Legrand, representante de Kanaldude<\/li>\n<li>Aitziber Atorrasagasti, directora de Promoci\u00f3n de la Cultura del Gobierno Vasco<\/li>\n<\/ul>\n<p>El ganador del \u00ab\u00a0Premio Series Eurorregi\u00f3n NAEN\u00a0\u00bb se anunciar\u00e1 en la gala del 10 de septiembre, que se retransmitir\u00e1 en directo por la televisi\u00f3n EITB.<\/p>\n<p>El Grupo de Trabajo Audiovisual de la Eurorregi\u00f3n, integrado por los gobiernos que la componen y las agencias culturales del territorio, clausurar\u00e1 el &#8220;Premio NAEN Eurorregi\u00f3n de Series&#8221; con una jornada dedicada a la coproducci\u00f3n eurorregional en el festival de televisi\u00f3n FESTVAL de Vitoria-Gasteiz el 9 de septiembre.<\/p>\n<p>La inscripci\u00f3n es obligatoria a trav\u00e9s del correo <a href=\"mailto:profesionales@festval.tv\">profesionales@festval.tv<\/a>.<\/p>\n","protected":false},"excerpt":{"rendered":"<p>La Comunidad Foral de Navarra estar\u00e1 representada en la jornada dedicada a la coproducci\u00f3n eurorregional que tendr\u00e1 lugar durante el FESTVAL en Vitoria-Gasteiz, el 9 de septiembre. Esta jornada, consistente en una sesi\u00f3n de pitch y una mesa redonda, est\u00e1 organizada por Eurorregi\u00f3n Nueva Aquitania Euskadi Navarra, la R\u00e9gion Nueva-Aquitania, la Agencia del Libro Cine y Audiovisual de Nueva-Aquitania (ALCA), el Gobierno Vasco, Zineuskadi, el Gobierno de Navarra y el FESTVAL de Vitoria-Gasteitz. Parteras y Demonios de Aritz Lazkano, producido por Skullmendi, es el proyecto navarro que participar\u00e1, a las 12:00, al inicio de la jornada, en la sesi\u00f3n de lanzamiento de las series seleccionadas para el &#8220;Premio NAEN Euroregi\u00f3n de Series&#8221;. El ganador recibir\u00e1 un premio de 6.000 euros en la gala del d\u00eda siguiente. Adem\u00e1s de Parteras y Demonios, entre los finalistas est\u00e1n los siguientes proyectos: Pisukideak de Koldo Almandoz, producido por Garabi Films Saisons d\u2019oiseaux de Isis Letterie, producida por Novamina Kantuen kontrabandista de Iban Rusinol, producido por Kestu Baile de M\u00e1scaras de Irantzu Varela &amp; Pablo Vikande, producido por Maluta y Bixagu Kima &amp; Amik de Miren Berasategi, producido por Lotura Adem\u00e1s, la jornada contar\u00e1 con una mesa redonda sobre los retos y las oportunidades de las coproducciones audiovisuales eurorregionales en la que participar\u00e1 la productora Itziar Garc\u00eda Zubiri, que moderar\u00e1 una sesi\u00f3n donde tambi\u00e9n participar\u00e1n: Fernando Victoria de Lecea, productor J\u00e9r\u00f4me Vidal, productor Aintzane P\u00e9rez del Palomar, representante de EiTB, responsable de derechos de antena y coproducciones Lo\u00efc Legrand, representante de Kanaldude Aitziber Atorrasagasti, directora de Promoci\u00f3n de la Cultura del Gobierno Vasco El ganador del \u00ab\u00a0Premio Series Eurorregi\u00f3n NAEN\u00a0\u00bb se anunciar\u00e1 en la gala del 10 de septiembre, que se retransmitir\u00e1 en directo por la televisi\u00f3n EITB. El Grupo de Trabajo Audiovisual de la Eurorregi\u00f3n, integrado por los gobiernos que la componen y las&#8230;<\/p>\n","protected":false},"author":1,"featured_media":11533,"comment_status":"closed","ping_status":"closed","sticky":false,"template":"","format":"standard","meta":{"_acf_changed":false,"footnotes":""},"categories":[1],"tags":[],"class_list":{"0":"post-12300","1":"post","2":"type-post","3":"status-publish","4":"format-standard","5":"has-post-thumbnail","7":"category-noticias"},"acf":[],"yoast_head":"<!-- This site is optimized with the Yoast SEO plugin v23.7 - https:\/\/yoast.com\/wordpress\/plugins\/seo\/ -->\n<title>Presencia navarra en la jornada de coproducci\u00f3n eurorregional del FESTVAL de Vitoria-Gasteiz el 9 de septiembre - NFI<\/title>\n<meta name=\"robots\" content=\"index, follow, max-snippet:-1, max-image-preview:large, max-video-preview:-1\" \/>\n<link rel=\"canonical\" href=\"https:\/\/www.navarrafilmindustry.com\/eu\/presencia-navarra-jornada-de-coproduccion-eurorregional-del-festval-de-vitoria-gasteiz\/\" \/>\n<meta property=\"og:locale\" content=\"eu_ES\" \/>\n<meta property=\"og:type\" content=\"article\" \/>\n<meta property=\"og:title\" content=\"Presencia navarra en la jornada de coproducci\u00f3n eurorregional del FESTVAL de Vitoria-Gasteiz el 9 de septiembre - NFI\" \/>\n<meta property=\"og:description\" content=\"La Comunidad Foral de Navarra estar\u00e1 representada en la jornada dedicada a la coproducci\u00f3n eurorregional que tendr\u00e1 lugar durante el FESTVAL en Vitoria-Gasteiz, el 9 de septiembre. Esta jornada, consistente en una sesi\u00f3n de pitch y una mesa redonda, est\u00e1 organizada por Eurorregi\u00f3n Nueva Aquitania Euskadi Navarra, la R\u00e9gion Nueva-Aquitania, la Agencia del Libro Cine y Audiovisual de Nueva-Aquitania (ALCA), el Gobierno Vasco, Zineuskadi, el Gobierno de Navarra y el FESTVAL de Vitoria-Gasteitz. Parteras y Demonios de Aritz Lazkano, producido por Skullmendi, es el proyecto navarro que participar\u00e1, a las 12:00, al inicio de la jornada, en la sesi\u00f3n de lanzamiento de las series seleccionadas para el &#8220;Premio NAEN Euroregi\u00f3n de Series&#8221;. El ganador recibir\u00e1 un premio de 6.000 euros en la gala del d\u00eda siguiente. Adem\u00e1s de Parteras y Demonios, entre los finalistas est\u00e1n los siguientes proyectos: Pisukideak de Koldo Almandoz, producido por Garabi Films Saisons d\u2019oiseaux de Isis Letterie, producida por Novamina Kantuen kontrabandista de Iban Rusinol, producido por Kestu Baile de M\u00e1scaras de Irantzu Varela &amp; Pablo Vikande, producido por Maluta y Bixagu Kima &amp; Amik de Miren Berasategi, producido por Lotura Adem\u00e1s, la jornada contar\u00e1 con una mesa redonda sobre los retos y las oportunidades de las coproducciones audiovisuales eurorregionales en la que participar\u00e1 la productora Itziar Garc\u00eda Zubiri, que moderar\u00e1 una sesi\u00f3n donde tambi\u00e9n participar\u00e1n: Fernando Victoria de Lecea, productor J\u00e9r\u00f4me Vidal, productor Aintzane P\u00e9rez del Palomar, representante de EiTB, responsable de derechos de antena y coproducciones Lo\u00efc Legrand, representante de Kanaldude Aitziber Atorrasagasti, directora de Promoci\u00f3n de la Cultura del Gobierno Vasco El ganador del \u00ab\u00a0Premio Series Eurorregi\u00f3n NAEN\u00a0\u00bb se anunciar\u00e1 en la gala del 10 de septiembre, que se retransmitir\u00e1 en directo por la televisi\u00f3n EITB. El Grupo de Trabajo Audiovisual de la Eurorregi\u00f3n, integrado por los gobiernos que la componen y las...\" \/>\n<meta property=\"og:url\" content=\"https:\/\/www.navarrafilmindustry.com\/eu\/presencia-navarra-jornada-de-coproduccion-eurorregional-del-festval-de-vitoria-gasteiz\/\" \/>\n<meta property=\"og:site_name\" content=\"NFI\" \/>\n<meta property=\"article:published_time\" content=\"2022-09-02T13:08:36+00:00\" \/>\n<meta property=\"article:modified_time\" content=\"2022-11-11T16:10:36+00:00\" \/>\n<meta property=\"og:image\" content=\"https:\/\/www.navarrafilmindustry.com\/wp-content\/uploads\/2022\/09\/2020052712090793450.jpg\" \/>\n\t<meta property=\"og:image:width\" content=\"1140\" \/>\n\t<meta property=\"og:image:height\" content=\"580\" \/>\n\t<meta property=\"og:image:type\" content=\"image\/jpeg\" \/>\n<meta name=\"author\" content=\"admin\" \/>\n<meta name=\"twitter:card\" content=\"summary_large_image\" \/>\n<meta name=\"twitter:label1\" content=\"Written by\" \/>\n\t<meta name=\"twitter:data1\" content=\"admin\" \/>\n\t<meta name=\"twitter:label2\" content=\"Est. reading time\" \/>\n\t<meta name=\"twitter:data2\" content=\"2 minutes\" \/>\n<script type=\"application\/ld+json\" class=\"yoast-schema-graph\">{\"@context\":\"https:\/\/schema.org\",\"@graph\":[{\"@type\":\"WebPage\",\"@id\":\"https:\/\/www.navarrafilmindustry.com\/eu\/presencia-navarra-jornada-de-coproduccion-eurorregional-del-festval-de-vitoria-gasteiz\/\",\"url\":\"https:\/\/www.navarrafilmindustry.com\/eu\/presencia-navarra-jornada-de-coproduccion-eurorregional-del-festval-de-vitoria-gasteiz\/\",\"name\":\"Presencia navarra en la jornada de coproducci\u00f3n eurorregional del FESTVAL de Vitoria-Gasteiz el 9 de septiembre - NFI\",\"isPartOf\":{\"@id\":\"https:\/\/www.navarrafilmindustry.com\/eu\/#website\"},\"primaryImageOfPage\":{\"@id\":\"https:\/\/www.navarrafilmindustry.com\/eu\/presencia-navarra-jornada-de-coproduccion-eurorregional-del-festval-de-vitoria-gasteiz\/#primaryimage\"},\"image\":{\"@id\":\"https:\/\/www.navarrafilmindustry.com\/eu\/presencia-navarra-jornada-de-coproduccion-eurorregional-del-festval-de-vitoria-gasteiz\/#primaryimage\"},\"thumbnailUrl\":\"https:\/\/www.navarrafilmindustry.com\/wp-content\/uploads\/2022\/09\/2020052712090793450.jpg\",\"datePublished\":\"2022-09-02T13:08:36+00:00\",\"dateModified\":\"2022-11-11T16:10:36+00:00\",\"author\":{\"@id\":\"https:\/\/www.navarrafilmindustry.com\/eu\/#\/schema\/person\/28828168eafaea0599fb6ac09706208e\"},\"breadcrumb\":{\"@id\":\"https:\/\/www.navarrafilmindustry.com\/eu\/presencia-navarra-jornada-de-coproduccion-eurorregional-del-festval-de-vitoria-gasteiz\/#breadcrumb\"},\"inLanguage\":\"eu-ES\",\"potentialAction\":[{\"@type\":\"ReadAction\",\"target\":[\"https:\/\/www.navarrafilmindustry.com\/eu\/presencia-navarra-jornada-de-coproduccion-eurorregional-del-festval-de-vitoria-gasteiz\/\"]}]},{\"@type\":\"ImageObject\",\"inLanguage\":\"eu-ES\",\"@id\":\"https:\/\/www.navarrafilmindustry.com\/eu\/presencia-navarra-jornada-de-coproduccion-eurorregional-del-festval-de-vitoria-gasteiz\/#primaryimage\",\"url\":\"https:\/\/www.navarrafilmindustry.com\/wp-content\/uploads\/2022\/09\/2020052712090793450.jpg\",\"contentUrl\":\"https:\/\/www.navarrafilmindustry.com\/wp-content\/uploads\/2022\/09\/2020052712090793450.jpg\",\"width\":1140,\"height\":580},{\"@type\":\"BreadcrumbList\",\"@id\":\"https:\/\/www.navarrafilmindustry.com\/eu\/presencia-navarra-jornada-de-coproduccion-eurorregional-del-festval-de-vitoria-gasteiz\/#breadcrumb\",\"itemListElement\":[{\"@type\":\"ListItem\",\"position\":1,\"name\":\"Portada\",\"item\":\"https:\/\/www.navarrafilmindustry.com\/eu\/\"},{\"@type\":\"ListItem\",\"position\":2,\"name\":\"Presencia navarra en la jornada de coproducci\u00f3n eurorregional del FESTVAL de Vitoria-Gasteiz el 9 de septiembre\"}]},{\"@type\":\"WebSite\",\"@id\":\"https:\/\/www.navarrafilmindustry.com\/eu\/#website\",\"url\":\"https:\/\/www.navarrafilmindustry.com\/eu\/\",\"name\":\"NFI\",\"description\":\"\",\"potentialAction\":[{\"@type\":\"SearchAction\",\"target\":{\"@type\":\"EntryPoint\",\"urlTemplate\":\"https:\/\/www.navarrafilmindustry.com\/eu\/?s={search_term_string}\"},\"query-input\":{\"@type\":\"PropertyValueSpecification\",\"valueRequired\":true,\"valueName\":\"search_term_string\"}}],\"inLanguage\":\"eu-ES\"},{\"@type\":\"Person\",\"@id\":\"https:\/\/www.navarrafilmindustry.com\/eu\/#\/schema\/person\/28828168eafaea0599fb6ac09706208e\",\"name\":\"admin\",\"image\":{\"@type\":\"ImageObject\",\"inLanguage\":\"eu-ES\",\"@id\":\"https:\/\/www.navarrafilmindustry.com\/eu\/#\/schema\/person\/image\/\",\"url\":\"https:\/\/secure.gravatar.com\/avatar\/a4f5b7c164fdea771914ae0274620e3c?s=96&d=mm&r=g\",\"contentUrl\":\"https:\/\/secure.gravatar.com\/avatar\/a4f5b7c164fdea771914ae0274620e3c?s=96&d=mm&r=g\",\"caption\":\"admin\"},\"sameAs\":[\"https:\/\/www.navarrafilmindustry.com\"],\"url\":\"https:\/\/www.navarrafilmindustry.com\/eu\/author\/admin\/\"}]}<\/script>\n<!-- \/ Yoast SEO plugin. -->","yoast_head_json":{"title":"Presencia navarra en la jornada de coproducci\u00f3n eurorregional del FESTVAL de Vitoria-Gasteiz el 9 de septiembre - NFI","robots":{"index":"index","follow":"follow","max-snippet":"max-snippet:-1","max-image-preview":"max-image-preview:large","max-video-preview":"max-video-preview:-1"},"canonical":"https:\/\/www.navarrafilmindustry.com\/eu\/presencia-navarra-jornada-de-coproduccion-eurorregional-del-festval-de-vitoria-gasteiz\/","og_locale":"eu_ES","og_type":"article","og_title":"Presencia navarra en la jornada de coproducci\u00f3n eurorregional del FESTVAL de Vitoria-Gasteiz el 9 de septiembre - NFI","og_description":"La Comunidad Foral de Navarra estar\u00e1 representada en la jornada dedicada a la coproducci\u00f3n eurorregional que tendr\u00e1 lugar durante el FESTVAL en Vitoria-Gasteiz, el 9 de septiembre. Esta jornada, consistente en una sesi\u00f3n de pitch y una mesa redonda, est\u00e1 organizada por Eurorregi\u00f3n Nueva Aquitania Euskadi Navarra, la R\u00e9gion Nueva-Aquitania, la Agencia del Libro Cine y Audiovisual de Nueva-Aquitania (ALCA), el Gobierno Vasco, Zineuskadi, el Gobierno de Navarra y el FESTVAL de Vitoria-Gasteitz. Parteras y Demonios de Aritz Lazkano, producido por Skullmendi, es el proyecto navarro que participar\u00e1, a las 12:00, al inicio de la jornada, en la sesi\u00f3n de lanzamiento de las series seleccionadas para el &#8220;Premio NAEN Euroregi\u00f3n de Series&#8221;. El ganador recibir\u00e1 un premio de 6.000 euros en la gala del d\u00eda siguiente. Adem\u00e1s de Parteras y Demonios, entre los finalistas est\u00e1n los siguientes proyectos: Pisukideak de Koldo Almandoz, producido por Garabi Films Saisons d\u2019oiseaux de Isis Letterie, producida por Novamina Kantuen kontrabandista de Iban Rusinol, producido por Kestu Baile de M\u00e1scaras de Irantzu Varela &amp; Pablo Vikande, producido por Maluta y Bixagu Kima &amp; Amik de Miren Berasategi, producido por Lotura Adem\u00e1s, la jornada contar\u00e1 con una mesa redonda sobre los retos y las oportunidades de las coproducciones audiovisuales eurorregionales en la que participar\u00e1 la productora Itziar Garc\u00eda Zubiri, que moderar\u00e1 una sesi\u00f3n donde tambi\u00e9n participar\u00e1n: Fernando Victoria de Lecea, productor J\u00e9r\u00f4me Vidal, productor Aintzane P\u00e9rez del Palomar, representante de EiTB, responsable de derechos de antena y coproducciones Lo\u00efc Legrand, representante de Kanaldude Aitziber Atorrasagasti, directora de Promoci\u00f3n de la Cultura del Gobierno Vasco El ganador del \u00ab\u00a0Premio Series Eurorregi\u00f3n NAEN\u00a0\u00bb se anunciar\u00e1 en la gala del 10 de septiembre, que se retransmitir\u00e1 en directo por la televisi\u00f3n EITB. El Grupo de Trabajo Audiovisual de la Eurorregi\u00f3n, integrado por los gobiernos que la componen y las...","og_url":"https:\/\/www.navarrafilmindustry.com\/eu\/presencia-navarra-jornada-de-coproduccion-eurorregional-del-festval-de-vitoria-gasteiz\/","og_site_name":"NFI","article_published_time":"2022-09-02T13:08:36+00:00","article_modified_time":"2022-11-11T16:10:36+00:00","og_image":[{"width":1140,"height":580,"url":"https:\/\/www.navarrafilmindustry.com\/wp-content\/uploads\/2022\/09\/2020052712090793450.jpg","type":"image\/jpeg"}],"author":"admin","twitter_card":"summary_large_image","twitter_misc":{"Written by":"admin","Est. reading time":"2 minutes"},"schema":{"@context":"https:\/\/schema.org","@graph":[{"@type":"WebPage","@id":"https:\/\/www.navarrafilmindustry.com\/eu\/presencia-navarra-jornada-de-coproduccion-eurorregional-del-festval-de-vitoria-gasteiz\/","url":"https:\/\/www.navarrafilmindustry.com\/eu\/presencia-navarra-jornada-de-coproduccion-eurorregional-del-festval-de-vitoria-gasteiz\/","name":"Presencia navarra en la jornada de coproducci\u00f3n eurorregional del FESTVAL de Vitoria-Gasteiz el 9 de septiembre - NFI","isPartOf":{"@id":"https:\/\/www.navarrafilmindustry.com\/eu\/#website"},"primaryImageOfPage":{"@id":"https:\/\/www.navarrafilmindustry.com\/eu\/presencia-navarra-jornada-de-coproduccion-eurorregional-del-festval-de-vitoria-gasteiz\/#primaryimage"},"image":{"@id":"https:\/\/www.navarrafilmindustry.com\/eu\/presencia-navarra-jornada-de-coproduccion-eurorregional-del-festval-de-vitoria-gasteiz\/#primaryimage"},"thumbnailUrl":"https:\/\/www.navarrafilmindustry.com\/wp-content\/uploads\/2022\/09\/2020052712090793450.jpg","datePublished":"2022-09-02T13:08:36+00:00","dateModified":"2022-11-11T16:10:36+00:00","author":{"@id":"https:\/\/www.navarrafilmindustry.com\/eu\/#\/schema\/person\/28828168eafaea0599fb6ac09706208e"},"breadcrumb":{"@id":"https:\/\/www.navarrafilmindustry.com\/eu\/presencia-navarra-jornada-de-coproduccion-eurorregional-del-festval-de-vitoria-gasteiz\/#breadcrumb"},"inLanguage":"eu-ES","potentialAction":[{"@type":"ReadAction","target":["https:\/\/www.navarrafilmindustry.com\/eu\/presencia-navarra-jornada-de-coproduccion-eurorregional-del-festval-de-vitoria-gasteiz\/"]}]},{"@type":"ImageObject","inLanguage":"eu-ES","@id":"https:\/\/www.navarrafilmindustry.com\/eu\/presencia-navarra-jornada-de-coproduccion-eurorregional-del-festval-de-vitoria-gasteiz\/#primaryimage","url":"https:\/\/www.navarrafilmindustry.com\/wp-content\/uploads\/2022\/09\/2020052712090793450.jpg","contentUrl":"https:\/\/www.navarrafilmindustry.com\/wp-content\/uploads\/2022\/09\/2020052712090793450.jpg","width":1140,"height":580},{"@type":"BreadcrumbList","@id":"https:\/\/www.navarrafilmindustry.com\/eu\/presencia-navarra-jornada-de-coproduccion-eurorregional-del-festval-de-vitoria-gasteiz\/#breadcrumb","itemListElement":[{"@type":"ListItem","position":1,"name":"Portada","item":"https:\/\/www.navarrafilmindustry.com\/eu\/"},{"@type":"ListItem","position":2,"name":"Presencia navarra en la jornada de coproducci\u00f3n eurorregional del FESTVAL de Vitoria-Gasteiz el 9 de septiembre"}]},{"@type":"WebSite","@id":"https:\/\/www.navarrafilmindustry.com\/eu\/#website","url":"https:\/\/www.navarrafilmindustry.com\/eu\/","name":"NFI","description":"","potentialAction":[{"@type":"SearchAction","target":{"@type":"EntryPoint","urlTemplate":"https:\/\/www.navarrafilmindustry.com\/eu\/?s={search_term_string}"},"query-input":{"@type":"PropertyValueSpecification","valueRequired":true,"valueName":"search_term_string"}}],"inLanguage":"eu-ES"},{"@type":"Person","@id":"https:\/\/www.navarrafilmindustry.com\/eu\/#\/schema\/person\/28828168eafaea0599fb6ac09706208e","name":"admin","image":{"@type":"ImageObject","inLanguage":"eu-ES","@id":"https:\/\/www.navarrafilmindustry.com\/eu\/#\/schema\/person\/image\/","url":"https:\/\/secure.gravatar.com\/avatar\/a4f5b7c164fdea771914ae0274620e3c?s=96&d=mm&r=g","contentUrl":"https:\/\/secure.gravatar.com\/avatar\/a4f5b7c164fdea771914ae0274620e3c?s=96&d=mm&r=g","caption":"admin"},"sameAs":["https:\/\/www.navarrafilmindustry.com"],"url":"https:\/\/www.navarrafilmindustry.com\/eu\/author\/admin\/"}]}},"_links":{"self":[{"href":"https:\/\/www.navarrafilmindustry.com\/eu\/wp-json\/wp\/v2\/posts\/12300"}],"collection":[{"href":"https:\/\/www.navarrafilmindustry.com\/eu\/wp-json\/wp\/v2\/posts"}],"about":[{"href":"https:\/\/www.navarrafilmindustry.com\/eu\/wp-json\/wp\/v2\/types\/post"}],"author":[{"embeddable":true,"href":"https:\/\/www.navarrafilmindustry.com\/eu\/wp-json\/wp\/v2\/users\/1"}],"replies":[{"embeddable":true,"href":"https:\/\/www.navarrafilmindustry.com\/eu\/wp-json\/wp\/v2\/comments?post=12300"}],"version-history":[{"count":1,"href":"https:\/\/www.navarrafilmindustry.com\/eu\/wp-json\/wp\/v2\/posts\/12300\/revisions"}],"predecessor-version":[{"id":12844,"href":"https:\/\/www.navarrafilmindustry.com\/eu\/wp-json\/wp\/v2\/posts\/12300\/revisions\/12844"}],"wp:featuredmedia":[{"embeddable":true,"href":"https:\/\/www.navarrafilmindustry.com\/eu\/wp-json\/wp\/v2\/media\/11533"}],"wp:attachment":[{"href":"https:\/\/www.navarrafilmindustry.com\/eu\/wp-json\/wp\/v2\/media?parent=12300"}],"wp:term":[{"taxonomy":"category","embeddable":true,"href":"https:\/\/www.navarrafilmindustry.com\/eu\/wp-json\/wp\/v2\/categories?post=12300"},{"taxonomy":"post_tag","embeddable":true,"href":"https:\/\/www.navarrafilmindustry.com\/eu\/wp-json\/wp\/v2\/tags?post=12300"}],"curies":[{"name":"wp","href":"https:\/\/api.w.org\/{rel}","templated":true}]}}