{"id":12180,"date":"2022-04-07T16:18:11","date_gmt":"2022-04-07T16:18:11","guid":{"rendered":"http:\/\/nfc.plannertest.com\/la-directora-navarra-arantza-santesteban-abrira-en-bilbao-el-ciclo-zinemateka-la-voz-del-cambio-cine-dirigido-por-mujeres\/"},"modified":"2022-04-07T16:18:11","modified_gmt":"2022-04-07T16:18:11","slug":"la-directora-navarra-arantza-santesteban-abrira-en-bilbao-el-ciclo-zinemateka-la-voz-del-cambio-cine-dirigido-por-mujeres","status":"publish","type":"post","link":"https:\/\/www.navarrafilmindustry.com\/eu\/la-directora-navarra-arantza-santesteban-abrira-en-bilbao-el-ciclo-zinemateka-la-voz-del-cambio-cine-dirigido-por-mujeres\/","title":{"rendered":"La directora navarra Arantza Santesteban abrir\u00e1 en Bilbao el ciclo <i>La voz del cambio<\/i>"},"content":{"rendered":"<p>La cineasta Arantza Santesteban inaugurar\u00e1 con su primer largometraje,<em> 918 GAU<\/em>, el ciclo<img loading=\"lazy\" decoding=\"async\" src=\"https:\/\/www.navarrafilmindustry.com\/wp-content\/uploads\/2022\/09\/sp.gif\" alt='esp' width=\"5\" height=\"10\" \/><em>La voz del cambio.<\/em>\u00a0 El film se podr\u00e1 ver en dos sesiones en Golem Alh\u00f3ndiga de Bilbao: el mi\u00e9rcoles 27 de abril a las 17:00, y el jueves 28 a las 19:30.<\/p>\n<p>Con este ciclo organizado por Golem se pone de manifiesto que las mujeres han estado presentes, a ambos lados de la c\u00e1mara desde que surgi\u00f3 el cine como un arte. Muchas de ellas han sido muy influyentes tanto por sus t\u00e9cnicas innovadoras como por las tem\u00e1ticas de sus pel\u00edculas, pero no siempre han sido visibilizadas. La producci\u00f3n audiovisual contempor\u00e1nea se encuentra en un interesante momento de transformaci\u00f3n gracias especialmente al auge de directoras y realizadoras que reflejan el cambio progresivo en la industria cinematogr\u00e1fica. Aclamadas por jurado y p\u00fablico en los festivales m\u00e1s destacados, lideran otra forma de hacer cine, con historias de una transcendencia imprescindible para influir en los comportamientos sociales y romper con la perpetuaci\u00f3n de esquemas y estructurales patriarcales. Este ciclo presenta una selecci\u00f3n de algunas de estas cineastas que, con una filmograf\u00eda incipiente, muestran todo su potencial y talento y a las que habr\u00e1 que seguirles la pista.<\/p>\n<p>Adem\u00e1s de <strong><em>918 GAU<\/em> <\/strong>de Santesteban, se han programado hasta el 22 de junio <strong><em>Cafarna\u00fam<\/em><\/strong> (2018) de Nadine Labaki; <strong><em class=\"txtNegXXXL\">Estiu 1993<\/em><\/strong> (2017) de Carla Sim\u00f3n; <strong><em class=\"txtNegXXXL\">Tarde para morir joven<\/em><\/strong> (2018) de Dominga Sotomayor; <strong><em>Libertad<\/em><\/strong> (2021) de Clara Roquet; <strong><em class=\"txtNegXXXL\">En realidad, nunca estuviste aqu\u00ed<\/em> <\/strong>(2017) de Lynne Ramsay; <strong><em class=\"txtNegXXXL\">Never, rarely, sometimes, always <\/em><\/strong>(2020) de Eliza Hittman; <em><strong>Crudo<\/strong><\/em> (2016) de Julia Ducournau; y <strong><em>Beginning<\/em><\/strong> (2020) de Dea Kulumbegashvili.<\/p>\n","protected":false},"excerpt":{"rendered":"<p>La cineasta Arantza Santesteban inaugurar\u00e1 con su primer largometraje, 918 GAU, el cicloLa voz del cambio.\u00a0 El film se podr\u00e1 ver en dos sesiones en Golem Alh\u00f3ndiga de Bilbao: el mi\u00e9rcoles 27 de abril a las 17:00, y el jueves 28 a las 19:30. Con este ciclo organizado por Golem se pone de manifiesto que las mujeres han estado presentes, a ambos lados de la c\u00e1mara desde que surgi\u00f3 el cine como un arte. Muchas de ellas han sido muy influyentes tanto por sus t\u00e9cnicas innovadoras como por las tem\u00e1ticas de sus pel\u00edculas, pero no siempre han sido visibilizadas. La producci\u00f3n audiovisual contempor\u00e1nea se encuentra en un interesante momento de transformaci\u00f3n gracias especialmente al auge de directoras y realizadoras que reflejan el cambio progresivo en la industria cinematogr\u00e1fica. Aclamadas por jurado y p\u00fablico en los festivales m\u00e1s destacados, lideran otra forma de hacer cine, con historias de una transcendencia imprescindible para influir en los comportamientos sociales y romper con la perpetuaci\u00f3n de esquemas y estructurales patriarcales. Este ciclo presenta una selecci\u00f3n de algunas de estas cineastas que, con una filmograf\u00eda incipiente, muestran todo su potencial y talento y a las que habr\u00e1 que seguirles la pista. Adem\u00e1s de 918 GAU de Santesteban, se han programado hasta el 22 de junio Cafarna\u00fam (2018) de Nadine Labaki; Estiu 1993 (2017) de Carla Sim\u00f3n; Tarde para morir joven (2018) de Dominga Sotomayor; Libertad (2021) de Clara Roquet; En realidad, nunca estuviste aqu\u00ed (2017) de Lynne Ramsay; Never, rarely, sometimes, always (2020) de Eliza Hittman; Crudo (2016) de Julia Ducournau; y Beginning (2020) de Dea Kulumbegashvili.<\/p>\n","protected":false},"author":1,"featured_media":12181,"comment_status":"open","ping_status":"open","sticky":false,"template":"","format":"standard","meta":{"_acf_changed":false,"footnotes":""},"categories":[1],"tags":[],"class_list":{"0":"post-12180","1":"post","2":"type-post","3":"status-publish","4":"format-standard","5":"has-post-thumbnail","7":"category-noticias"},"acf":[],"yoast_head":"<!-- This site is optimized with the Yoast SEO plugin v23.7 - https:\/\/yoast.com\/wordpress\/plugins\/seo\/ -->\n<title>La directora navarra Arantza Santesteban abrir\u00e1 en Bilbao el ciclo La voz del cambio - NFI<\/title>\n<meta name=\"robots\" content=\"index, follow, max-snippet:-1, max-image-preview:large, max-video-preview:-1\" \/>\n<link rel=\"canonical\" href=\"https:\/\/www.navarrafilmindustry.com\/eu\/la-directora-navarra-arantza-santesteban-abrira-en-bilbao-el-ciclo-zinemateka-la-voz-del-cambio-cine-dirigido-por-mujeres\/\" \/>\n<meta property=\"og:locale\" content=\"eu_ES\" \/>\n<meta property=\"og:type\" content=\"article\" \/>\n<meta property=\"og:title\" content=\"La directora navarra Arantza Santesteban abrir\u00e1 en Bilbao el ciclo La voz del cambio - NFI\" \/>\n<meta property=\"og:description\" content=\"La cineasta Arantza Santesteban inaugurar\u00e1 con su primer largometraje, 918 GAU, el cicloLa voz del cambio.\u00a0 El film se podr\u00e1 ver en dos sesiones en Golem Alh\u00f3ndiga de Bilbao: el mi\u00e9rcoles 27 de abril a las 17:00, y el jueves 28 a las 19:30. Con este ciclo organizado por Golem se pone de manifiesto que las mujeres han estado presentes, a ambos lados de la c\u00e1mara desde que surgi\u00f3 el cine como un arte. Muchas de ellas han sido muy influyentes tanto por sus t\u00e9cnicas innovadoras como por las tem\u00e1ticas de sus pel\u00edculas, pero no siempre han sido visibilizadas. La producci\u00f3n audiovisual contempor\u00e1nea se encuentra en un interesante momento de transformaci\u00f3n gracias especialmente al auge de directoras y realizadoras que reflejan el cambio progresivo en la industria cinematogr\u00e1fica. Aclamadas por jurado y p\u00fablico en los festivales m\u00e1s destacados, lideran otra forma de hacer cine, con historias de una transcendencia imprescindible para influir en los comportamientos sociales y romper con la perpetuaci\u00f3n de esquemas y estructurales patriarcales. Este ciclo presenta una selecci\u00f3n de algunas de estas cineastas que, con una filmograf\u00eda incipiente, muestran todo su potencial y talento y a las que habr\u00e1 que seguirles la pista. Adem\u00e1s de 918 GAU de Santesteban, se han programado hasta el 22 de junio Cafarna\u00fam (2018) de Nadine Labaki; Estiu 1993 (2017) de Carla Sim\u00f3n; Tarde para morir joven (2018) de Dominga Sotomayor; Libertad (2021) de Clara Roquet; En realidad, nunca estuviste aqu\u00ed (2017) de Lynne Ramsay; Never, rarely, sometimes, always (2020) de Eliza Hittman; Crudo (2016) de Julia Ducournau; y Beginning (2020) de Dea Kulumbegashvili.\" \/>\n<meta property=\"og:url\" content=\"https:\/\/www.navarrafilmindustry.com\/eu\/la-directora-navarra-arantza-santesteban-abrira-en-bilbao-el-ciclo-zinemateka-la-voz-del-cambio-cine-dirigido-por-mujeres\/\" \/>\n<meta property=\"og:site_name\" content=\"NFI\" \/>\n<meta property=\"article:published_time\" content=\"2022-04-07T16:18:11+00:00\" \/>\n<meta property=\"og:image\" content=\"https:\/\/www.navarrafilmindustry.com\/wp-content\/uploads\/2022\/09\/FOTOGRAMA-918-GAU_1.jpeg\" \/>\n\t<meta property=\"og:image:width\" content=\"1000\" \/>\n\t<meta property=\"og:image:height\" content=\"563\" \/>\n\t<meta property=\"og:image:type\" content=\"image\/jpeg\" \/>\n<meta name=\"author\" content=\"admin\" \/>\n<meta name=\"twitter:card\" content=\"summary_large_image\" \/>\n<meta name=\"twitter:label1\" content=\"Written by\" \/>\n\t<meta name=\"twitter:data1\" content=\"admin\" \/>\n\t<meta name=\"twitter:label2\" content=\"Est. reading time\" \/>\n\t<meta name=\"twitter:data2\" content=\"1 minute\" \/>\n<script type=\"application\/ld+json\" class=\"yoast-schema-graph\">{\"@context\":\"https:\/\/schema.org\",\"@graph\":[{\"@type\":\"WebPage\",\"@id\":\"https:\/\/www.navarrafilmindustry.com\/eu\/la-directora-navarra-arantza-santesteban-abrira-en-bilbao-el-ciclo-zinemateka-la-voz-del-cambio-cine-dirigido-por-mujeres\/\",\"url\":\"https:\/\/www.navarrafilmindustry.com\/eu\/la-directora-navarra-arantza-santesteban-abrira-en-bilbao-el-ciclo-zinemateka-la-voz-del-cambio-cine-dirigido-por-mujeres\/\",\"name\":\"La directora navarra Arantza Santesteban abrir\u00e1 en Bilbao el ciclo La voz del cambio - NFI\",\"isPartOf\":{\"@id\":\"https:\/\/www.navarrafilmindustry.com\/eu\/#website\"},\"primaryImageOfPage\":{\"@id\":\"https:\/\/www.navarrafilmindustry.com\/eu\/la-directora-navarra-arantza-santesteban-abrira-en-bilbao-el-ciclo-zinemateka-la-voz-del-cambio-cine-dirigido-por-mujeres\/#primaryimage\"},\"image\":{\"@id\":\"https:\/\/www.navarrafilmindustry.com\/eu\/la-directora-navarra-arantza-santesteban-abrira-en-bilbao-el-ciclo-zinemateka-la-voz-del-cambio-cine-dirigido-por-mujeres\/#primaryimage\"},\"thumbnailUrl\":\"https:\/\/www.navarrafilmindustry.com\/wp-content\/uploads\/2022\/09\/FOTOGRAMA-918-GAU_1.jpeg\",\"datePublished\":\"2022-04-07T16:18:11+00:00\",\"dateModified\":\"2022-04-07T16:18:11+00:00\",\"author\":{\"@id\":\"https:\/\/www.navarrafilmindustry.com\/eu\/#\/schema\/person\/28828168eafaea0599fb6ac09706208e\"},\"breadcrumb\":{\"@id\":\"https:\/\/www.navarrafilmindustry.com\/eu\/la-directora-navarra-arantza-santesteban-abrira-en-bilbao-el-ciclo-zinemateka-la-voz-del-cambio-cine-dirigido-por-mujeres\/#breadcrumb\"},\"inLanguage\":\"eu-ES\",\"potentialAction\":[{\"@type\":\"ReadAction\",\"target\":[\"https:\/\/www.navarrafilmindustry.com\/eu\/la-directora-navarra-arantza-santesteban-abrira-en-bilbao-el-ciclo-zinemateka-la-voz-del-cambio-cine-dirigido-por-mujeres\/\"]}]},{\"@type\":\"ImageObject\",\"inLanguage\":\"eu-ES\",\"@id\":\"https:\/\/www.navarrafilmindustry.com\/eu\/la-directora-navarra-arantza-santesteban-abrira-en-bilbao-el-ciclo-zinemateka-la-voz-del-cambio-cine-dirigido-por-mujeres\/#primaryimage\",\"url\":\"https:\/\/www.navarrafilmindustry.com\/wp-content\/uploads\/2022\/09\/FOTOGRAMA-918-GAU_1.jpeg\",\"contentUrl\":\"https:\/\/www.navarrafilmindustry.com\/wp-content\/uploads\/2022\/09\/FOTOGRAMA-918-GAU_1.jpeg\",\"width\":1000,\"height\":563},{\"@type\":\"BreadcrumbList\",\"@id\":\"https:\/\/www.navarrafilmindustry.com\/eu\/la-directora-navarra-arantza-santesteban-abrira-en-bilbao-el-ciclo-zinemateka-la-voz-del-cambio-cine-dirigido-por-mujeres\/#breadcrumb\",\"itemListElement\":[{\"@type\":\"ListItem\",\"position\":1,\"name\":\"Portada\",\"item\":\"https:\/\/www.navarrafilmindustry.com\/eu\/\"},{\"@type\":\"ListItem\",\"position\":2,\"name\":\"La directora navarra Arantza Santesteban abrir\u00e1 en Bilbao el ciclo La voz del cambio\"}]},{\"@type\":\"WebSite\",\"@id\":\"https:\/\/www.navarrafilmindustry.com\/eu\/#website\",\"url\":\"https:\/\/www.navarrafilmindustry.com\/eu\/\",\"name\":\"NFI\",\"description\":\"\",\"potentialAction\":[{\"@type\":\"SearchAction\",\"target\":{\"@type\":\"EntryPoint\",\"urlTemplate\":\"https:\/\/www.navarrafilmindustry.com\/eu\/?s={search_term_string}\"},\"query-input\":{\"@type\":\"PropertyValueSpecification\",\"valueRequired\":true,\"valueName\":\"search_term_string\"}}],\"inLanguage\":\"eu-ES\"},{\"@type\":\"Person\",\"@id\":\"https:\/\/www.navarrafilmindustry.com\/eu\/#\/schema\/person\/28828168eafaea0599fb6ac09706208e\",\"name\":\"admin\",\"image\":{\"@type\":\"ImageObject\",\"inLanguage\":\"eu-ES\",\"@id\":\"https:\/\/www.navarrafilmindustry.com\/eu\/#\/schema\/person\/image\/\",\"url\":\"https:\/\/secure.gravatar.com\/avatar\/a4f5b7c164fdea771914ae0274620e3c?s=96&d=mm&r=g\",\"contentUrl\":\"https:\/\/secure.gravatar.com\/avatar\/a4f5b7c164fdea771914ae0274620e3c?s=96&d=mm&r=g\",\"caption\":\"admin\"},\"sameAs\":[\"https:\/\/www.navarrafilmindustry.com\"],\"url\":\"https:\/\/www.navarrafilmindustry.com\/eu\/author\/admin\/\"}]}<\/script>\n<!-- \/ Yoast SEO plugin. -->","yoast_head_json":{"title":"La directora navarra Arantza Santesteban abrir\u00e1 en Bilbao el ciclo La voz del cambio - NFI","robots":{"index":"index","follow":"follow","max-snippet":"max-snippet:-1","max-image-preview":"max-image-preview:large","max-video-preview":"max-video-preview:-1"},"canonical":"https:\/\/www.navarrafilmindustry.com\/eu\/la-directora-navarra-arantza-santesteban-abrira-en-bilbao-el-ciclo-zinemateka-la-voz-del-cambio-cine-dirigido-por-mujeres\/","og_locale":"eu_ES","og_type":"article","og_title":"La directora navarra Arantza Santesteban abrir\u00e1 en Bilbao el ciclo La voz del cambio - NFI","og_description":"La cineasta Arantza Santesteban inaugurar\u00e1 con su primer largometraje, 918 GAU, el cicloLa voz del cambio.\u00a0 El film se podr\u00e1 ver en dos sesiones en Golem Alh\u00f3ndiga de Bilbao: el mi\u00e9rcoles 27 de abril a las 17:00, y el jueves 28 a las 19:30. Con este ciclo organizado por Golem se pone de manifiesto que las mujeres han estado presentes, a ambos lados de la c\u00e1mara desde que surgi\u00f3 el cine como un arte. Muchas de ellas han sido muy influyentes tanto por sus t\u00e9cnicas innovadoras como por las tem\u00e1ticas de sus pel\u00edculas, pero no siempre han sido visibilizadas. La producci\u00f3n audiovisual contempor\u00e1nea se encuentra en un interesante momento de transformaci\u00f3n gracias especialmente al auge de directoras y realizadoras que reflejan el cambio progresivo en la industria cinematogr\u00e1fica. Aclamadas por jurado y p\u00fablico en los festivales m\u00e1s destacados, lideran otra forma de hacer cine, con historias de una transcendencia imprescindible para influir en los comportamientos sociales y romper con la perpetuaci\u00f3n de esquemas y estructurales patriarcales. Este ciclo presenta una selecci\u00f3n de algunas de estas cineastas que, con una filmograf\u00eda incipiente, muestran todo su potencial y talento y a las que habr\u00e1 que seguirles la pista. Adem\u00e1s de 918 GAU de Santesteban, se han programado hasta el 22 de junio Cafarna\u00fam (2018) de Nadine Labaki; Estiu 1993 (2017) de Carla Sim\u00f3n; Tarde para morir joven (2018) de Dominga Sotomayor; Libertad (2021) de Clara Roquet; En realidad, nunca estuviste aqu\u00ed (2017) de Lynne Ramsay; Never, rarely, sometimes, always (2020) de Eliza Hittman; Crudo (2016) de Julia Ducournau; y Beginning (2020) de Dea Kulumbegashvili.","og_url":"https:\/\/www.navarrafilmindustry.com\/eu\/la-directora-navarra-arantza-santesteban-abrira-en-bilbao-el-ciclo-zinemateka-la-voz-del-cambio-cine-dirigido-por-mujeres\/","og_site_name":"NFI","article_published_time":"2022-04-07T16:18:11+00:00","og_image":[{"width":1000,"height":563,"url":"https:\/\/www.navarrafilmindustry.com\/wp-content\/uploads\/2022\/09\/FOTOGRAMA-918-GAU_1.jpeg","type":"image\/jpeg"}],"author":"admin","twitter_card":"summary_large_image","twitter_misc":{"Written by":"admin","Est. reading time":"1 minute"},"schema":{"@context":"https:\/\/schema.org","@graph":[{"@type":"WebPage","@id":"https:\/\/www.navarrafilmindustry.com\/eu\/la-directora-navarra-arantza-santesteban-abrira-en-bilbao-el-ciclo-zinemateka-la-voz-del-cambio-cine-dirigido-por-mujeres\/","url":"https:\/\/www.navarrafilmindustry.com\/eu\/la-directora-navarra-arantza-santesteban-abrira-en-bilbao-el-ciclo-zinemateka-la-voz-del-cambio-cine-dirigido-por-mujeres\/","name":"La directora navarra Arantza Santesteban abrir\u00e1 en Bilbao el ciclo La voz del cambio - NFI","isPartOf":{"@id":"https:\/\/www.navarrafilmindustry.com\/eu\/#website"},"primaryImageOfPage":{"@id":"https:\/\/www.navarrafilmindustry.com\/eu\/la-directora-navarra-arantza-santesteban-abrira-en-bilbao-el-ciclo-zinemateka-la-voz-del-cambio-cine-dirigido-por-mujeres\/#primaryimage"},"image":{"@id":"https:\/\/www.navarrafilmindustry.com\/eu\/la-directora-navarra-arantza-santesteban-abrira-en-bilbao-el-ciclo-zinemateka-la-voz-del-cambio-cine-dirigido-por-mujeres\/#primaryimage"},"thumbnailUrl":"https:\/\/www.navarrafilmindustry.com\/wp-content\/uploads\/2022\/09\/FOTOGRAMA-918-GAU_1.jpeg","datePublished":"2022-04-07T16:18:11+00:00","dateModified":"2022-04-07T16:18:11+00:00","author":{"@id":"https:\/\/www.navarrafilmindustry.com\/eu\/#\/schema\/person\/28828168eafaea0599fb6ac09706208e"},"breadcrumb":{"@id":"https:\/\/www.navarrafilmindustry.com\/eu\/la-directora-navarra-arantza-santesteban-abrira-en-bilbao-el-ciclo-zinemateka-la-voz-del-cambio-cine-dirigido-por-mujeres\/#breadcrumb"},"inLanguage":"eu-ES","potentialAction":[{"@type":"ReadAction","target":["https:\/\/www.navarrafilmindustry.com\/eu\/la-directora-navarra-arantza-santesteban-abrira-en-bilbao-el-ciclo-zinemateka-la-voz-del-cambio-cine-dirigido-por-mujeres\/"]}]},{"@type":"ImageObject","inLanguage":"eu-ES","@id":"https:\/\/www.navarrafilmindustry.com\/eu\/la-directora-navarra-arantza-santesteban-abrira-en-bilbao-el-ciclo-zinemateka-la-voz-del-cambio-cine-dirigido-por-mujeres\/#primaryimage","url":"https:\/\/www.navarrafilmindustry.com\/wp-content\/uploads\/2022\/09\/FOTOGRAMA-918-GAU_1.jpeg","contentUrl":"https:\/\/www.navarrafilmindustry.com\/wp-content\/uploads\/2022\/09\/FOTOGRAMA-918-GAU_1.jpeg","width":1000,"height":563},{"@type":"BreadcrumbList","@id":"https:\/\/www.navarrafilmindustry.com\/eu\/la-directora-navarra-arantza-santesteban-abrira-en-bilbao-el-ciclo-zinemateka-la-voz-del-cambio-cine-dirigido-por-mujeres\/#breadcrumb","itemListElement":[{"@type":"ListItem","position":1,"name":"Portada","item":"https:\/\/www.navarrafilmindustry.com\/eu\/"},{"@type":"ListItem","position":2,"name":"La directora navarra Arantza Santesteban abrir\u00e1 en Bilbao el ciclo La voz del cambio"}]},{"@type":"WebSite","@id":"https:\/\/www.navarrafilmindustry.com\/eu\/#website","url":"https:\/\/www.navarrafilmindustry.com\/eu\/","name":"NFI","description":"","potentialAction":[{"@type":"SearchAction","target":{"@type":"EntryPoint","urlTemplate":"https:\/\/www.navarrafilmindustry.com\/eu\/?s={search_term_string}"},"query-input":{"@type":"PropertyValueSpecification","valueRequired":true,"valueName":"search_term_string"}}],"inLanguage":"eu-ES"},{"@type":"Person","@id":"https:\/\/www.navarrafilmindustry.com\/eu\/#\/schema\/person\/28828168eafaea0599fb6ac09706208e","name":"admin","image":{"@type":"ImageObject","inLanguage":"eu-ES","@id":"https:\/\/www.navarrafilmindustry.com\/eu\/#\/schema\/person\/image\/","url":"https:\/\/secure.gravatar.com\/avatar\/a4f5b7c164fdea771914ae0274620e3c?s=96&d=mm&r=g","contentUrl":"https:\/\/secure.gravatar.com\/avatar\/a4f5b7c164fdea771914ae0274620e3c?s=96&d=mm&r=g","caption":"admin"},"sameAs":["https:\/\/www.navarrafilmindustry.com"],"url":"https:\/\/www.navarrafilmindustry.com\/eu\/author\/admin\/"}]}},"_links":{"self":[{"href":"https:\/\/www.navarrafilmindustry.com\/eu\/wp-json\/wp\/v2\/posts\/12180"}],"collection":[{"href":"https:\/\/www.navarrafilmindustry.com\/eu\/wp-json\/wp\/v2\/posts"}],"about":[{"href":"https:\/\/www.navarrafilmindustry.com\/eu\/wp-json\/wp\/v2\/types\/post"}],"author":[{"embeddable":true,"href":"https:\/\/www.navarrafilmindustry.com\/eu\/wp-json\/wp\/v2\/users\/1"}],"replies":[{"embeddable":true,"href":"https:\/\/www.navarrafilmindustry.com\/eu\/wp-json\/wp\/v2\/comments?post=12180"}],"version-history":[{"count":0,"href":"https:\/\/www.navarrafilmindustry.com\/eu\/wp-json\/wp\/v2\/posts\/12180\/revisions"}],"wp:featuredmedia":[{"embeddable":true,"href":"https:\/\/www.navarrafilmindustry.com\/eu\/wp-json\/wp\/v2\/media\/12181"}],"wp:attachment":[{"href":"https:\/\/www.navarrafilmindustry.com\/eu\/wp-json\/wp\/v2\/media?parent=12180"}],"wp:term":[{"taxonomy":"category","embeddable":true,"href":"https:\/\/www.navarrafilmindustry.com\/eu\/wp-json\/wp\/v2\/categories?post=12180"},{"taxonomy":"post_tag","embeddable":true,"href":"https:\/\/www.navarrafilmindustry.com\/eu\/wp-json\/wp\/v2\/tags?post=12180"}],"curies":[{"name":"wp","href":"https:\/\/api.w.org\/{rel}","templated":true}]}}