{"id":11436,"date":"2021-02-18T21:47:35","date_gmt":"2021-02-18T21:47:35","guid":{"rendered":"http:\/\/nfc.plannertest.com\/nueve-profesionales-navarros-trabajan-en-maixabel-la-nueva-pelicula-de-iciar-bollain\/"},"modified":"2021-02-18T21:47:35","modified_gmt":"2021-02-18T21:47:35","slug":"nueve-profesionales-navarros-trabajan-en-maixabel-la-nueva-pelicula-de-iciar-bollain","status":"publish","type":"post","link":"https:\/\/www.navarrafilmindustry.com\/eu\/nueve-profesionales-navarros-trabajan-en-maixabel-la-nueva-pelicula-de-iciar-bollain\/","title":{"rendered":"Nueve profesionales navarros trabajan en &#8220;Maixabel&#8221;, la nueva pel\u00edcula de Ic\u00edar Bolla\u00edn"},"content":{"rendered":"<div>El rodaje de <em>Maixabel<\/em>, und\u00e9cimo largometraje como directora de la cineasta Ic\u00edar Bolla\u00edn, protagonizado por Blanca Portillo y Luis Tosar rueda desde el 8 de febrero en localizaciones de Guip\u00fazcoa y \u00c1lava y cuenta con nueve profesionales de Navarra en su equipo. Se trata de Mikel Serrano (ganador del Goya por &#8220;Hand\u00eda&#8221; y nominado a otro por &#8220;Akelarre&#8221;, director de Arte; Silvia Rico, auxiliar de Regidur\u00eda; I\u00f1aki Oscoz Lerchundi, pe\u00f3n de Atrezzo; Naiara Olite, auxiliar de Producci\u00f3n; Amaia Irigoyen, auxiliar de Producci\u00f3n; Aritz Leoz, meritorio de Producci\u00f3n; Gorka Zudaire Marcilla, el\u00e9ctrico; Pablo Ruiz de Gauna, actor de reparto; y Jos\u00e9 Mar\u00eda As\u00edn, actor.<\/div>\n<p>Inspirada en hecho reales, la cinta cuenta la historia de Maixabel Lasa, viuda del pol\u00edtico vasco asesinado por ETA, Juan Mar\u00eda Ja\u00faregui, y una de las primeras v\u00edctimas en acceder a entrevistarse con los asesinos de su marido en la c\u00e1rcel.<\/p>\n<p>Escrita por\u00a0la guionista Isa Campo (\u201cEntre dos aguas\u201d, 2018) e Ic\u00edar Bolla\u00edn,\u00a0<em>Maixabel<\/em>\u00a0cuenta con un elenco encabezado por Luis Tosar (ganador de tres premios Goya, uno de ellos por \u201cTe doy mis ojos\u201d, 2003, de Bolla\u00edn, con quien tambi\u00e9n ha trabajado\u00a0en \u201cFlores de otro mundo\u201d, 1999 y \u201cTambi\u00e9n la lluvia\u201d, 2011) y Blanca Portillo (\u201cInvisibles\u201d, 2019; \u201cVolver\u201d, 2006, Premio a la Mejor actriz en el Festival de Cannes). Les acompa\u00f1an Mar\u00eda Cerezuela (\u201cInolvidables\u201d, 2021; \u201c\u00datero 26\u201d, 2019) y Urko Olazabal (\u201cV\u00edctima n\u00famero 8\u201d, 2018; \u201cErrementari\u201d, 2018).<\/p>\n<p>La banda sonora de\u00a0<em>Maixabel<\/em>\u00a0estar\u00e1 a cargo de Alberto Iglesias ganador de once premios Goya y tres veces nominado al Oscar. Javier Agirre\u00a0premio Goya en 2017 por \u201cHandia\u201d) es el director de fotograf\u00eda. Mikel Serrano (premio Goya por \u201cHandia\u201d en 2017) es el director de arte. Alazne Ameztoy (premio Goya en 2020 \u201cLa trinchera infinita\u201d) es la responsable del sonido. Clara Bilbao, ganadora de 3 Premios Goya, se encarga del vestuario. Karmele Soler (premio Goya en 2012 por \u201cLa piel que habito\u201d) es la jefa de maquillaje y Sergio P\u00e9rez (\u201cPatria\u201d, 2020) es el jefe de peluquer\u00eda. Nacho Ruiz Capillas (premio Goya en 2004 por \u201cLos Otros\u201d) se ocupa del montaje.<\/p>\n<p><em>Maixabel\u00a0<\/em>es una producci\u00f3n de Kowalski Films (Koldo Zuazua) y FeelGood (Juan Moreno y Guillermo Sempere). Cuenta con la participaci\u00f3n de RTVE, EiTB y Movistar+ y la ayuda del Ministerio de Cultura &#8211; ICAA, el Gobierno Vasco, la Diputaci\u00f3n\u00a0Foral de Gipuzkoa y la colaboraci\u00f3n de la San Sebasti\u00e1n \u2013 Gipuzkoa Film Comission.\u00a0La pel\u00edcula ser\u00e1 distribuida en Espa\u00f1a por\u00a0Buena Vista International\u00a0\u00a0y las ventas internacionales corren a cargo de Film Factory.<\/p>\n<h4><strong><u><img loading=\"lazy\" decoding=\"async\" class=\"alignnone wp-image-5223\" src=\"https:\/\/www.navarrafilmindustry.com\/wp-content\/uploads\/2022\/09\/David_Herranz2-300x200.jpg\" alt='' width=\"510\" height=\"340\" \/><\/u><\/strong><\/h4>\n<h5><strong><u>SINOPSIS<\/u><\/strong><\/h5>\n<p>Maixabel Lasa pierde en el a\u00f1o 2000 a su marido, Juan Mar\u00eda Ja\u00faregui, asesinado por ETA.<\/p>\n<p>Once a\u00f1os m\u00e1s tarde, recibe una petici\u00f3n ins\u00f3lita: uno de los asesinos ha pedido entrevistarse con ella en la c\u00e1rcel de Nanclares de la Oca en \u00c1lava, en la que cumple condena tras haber roto sus lazos con la banda terrorista.<\/p>\n<p>A pesar de las dudas y del inmenso dolor, Maixabel Lasa accede a encontrarse cara a cara con las personas que acabaron a sangre fr\u00eda con la vida de quien hab\u00eda sido su compa\u00f1ero desde los diecis\u00e9is a\u00f1os.<\/p>\n<p><em>\u201cTodo el mundo merece una segunda oportunidad\u201d<\/em>\u00a0dice ella cuando le preguntan por las razones para sentarse frente al asesino de su marido.<\/p>\n<h5><strong><u>DECLARACI\u00d3N DE LA DIRECTORA\u00a0<\/u><\/strong><\/h5>\n<p><em>&#8220;Maixabel Lasa se ha convertido en un referente en el camino que hoy transita el Pa\u00eds Vasco hacia la convivencia, Su trabajo como Directora de la Oficina para las Victimas del Terrorismo del Gobierno Vasco es muy conocido, pero su implicaci\u00f3n personal en los Encuentros Restaurativos de 2011 no tanto.<\/em><\/p>\n<p><em>Hay algo profundamente humano en lo que hace Maixabel: Encararse con los asesinos de su marido para hacerles saber el dolor sufrido, para pedir respuestas a las preguntas que solo ellos pueden contestar, para escucharles decir que lamentan profundamente el dolor causado y valorar si hay sinceridad en esas palabras. Son tres vidas unidas un d\u00eda por el horror. Tres caminos que se cruzan.\u00a0Cada uno har\u00e1 un viaje distinto hacia el mismo lugar: la esperanza y la reparaci\u00f3n, en un encuentro frente a\u00a0 frente en el que pasan por la rabia, la angustia, la verg\u00fcenza, y el miedo, pero tambi\u00e9n por la euforia, por la gratitud y por la esperanza de plantar algo m\u00ednimamente bueno dentro de tanto horror.\u00a0<\/em><\/p>\n<p><em>\u00a0<\/em><em>Me gustar\u00eda contar esta historia de nuestro pasado reciente, con emoci\u00f3n, sinceridad y sobre todo, mucho respeto por sus protagonistas\u201d<\/em><\/p>\n<h5><strong><u>ICIAR BOLLA\u00cdN<\/u><\/strong><\/h5>\n<p>Directora, guionista y actriz, Ic\u00edar Bolla\u00edn (Madrid, 1967) se inicia en el cine como actriz con 15 a\u00f1os a las \u00f3rdenes de V\u00edctor Erice en \u201cEl sur\u201d (1983). En 1991 funda Producciones La Iguana para impulsar sus propios proyectos como directora.\u00a0 \u201cHola, \u00bfEst\u00e1s Sola?\u201d (1995) es su primer largometraje. Despu\u00e9s vendr\u00e1n pel\u00edculas como \u201cFlores de otro mundo\u201d (1999); \u201cTe Doy Mis Ojos\u201d (2003), por la que recibe dos premios Goya a la mejor direcci\u00f3n y al mejor guion; \u201cMataharis\u201d (2007); \u201cTambi\u00e9n La Lluvia\u201d (2010), con guion de Paul Laverty; \u201cKatmand\u00fa, Un espejo en el Cielo\u201d (2011). La cineasta prueba con el g\u00e9nero documental en \u201cEn Tierra Extra\u00f1a\u201d (2014) para regresar a la ficci\u00f3n con \u201cEl Olivo\u201d (2016). Dos a\u00f1os despu\u00e9s estrena \u201cYuli\u201d (2018) y en 2020 dirige a Candela Pe\u00f1a en \u201cLa Boda De Rosa\u201d. Fundadora de CIMA (Asociaci\u00f3n de mujeres cineastas y de medios audiovisuales), es una de las directoras espa\u00f1olas que mejor han sabido aunar la cercan\u00eda a los espectadores con un estilo propio que combina sensibilidad y elegancia.<\/p>\n","protected":false},"excerpt":{"rendered":"<p>El rodaje de Maixabel, und\u00e9cimo largometraje como directora de la cineasta Ic\u00edar Bolla\u00edn, protagonizado por Blanca Portillo y Luis Tosar rueda desde el 8 de febrero en localizaciones de Guip\u00fazcoa y \u00c1lava y cuenta con nueve profesionales de Navarra en su equipo. Se trata de Mikel Serrano (ganador del Goya por &#8220;Hand\u00eda&#8221; y nominado a otro por &#8220;Akelarre&#8221;, director de Arte; Silvia Rico, auxiliar de Regidur\u00eda; I\u00f1aki Oscoz Lerchundi, pe\u00f3n de Atrezzo; Naiara Olite, auxiliar de Producci\u00f3n; Amaia Irigoyen, auxiliar de Producci\u00f3n; Aritz Leoz, meritorio de Producci\u00f3n; Gorka Zudaire Marcilla, el\u00e9ctrico; Pablo Ruiz de Gauna, actor de reparto; y Jos\u00e9 Mar\u00eda As\u00edn, actor. Inspirada en hecho reales, la cinta cuenta la historia de Maixabel Lasa, viuda del pol\u00edtico vasco asesinado por ETA, Juan Mar\u00eda Ja\u00faregui, y una de las primeras v\u00edctimas en acceder a entrevistarse con los asesinos de su marido en la c\u00e1rcel. Escrita por\u00a0la guionista Isa Campo (\u201cEntre dos aguas\u201d, 2018) e Ic\u00edar Bolla\u00edn,\u00a0Maixabel\u00a0cuenta con un elenco encabezado por Luis Tosar (ganador de tres premios Goya, uno de ellos por \u201cTe doy mis ojos\u201d, 2003, de Bolla\u00edn, con quien tambi\u00e9n ha trabajado\u00a0en \u201cFlores de otro mundo\u201d, 1999 y \u201cTambi\u00e9n la lluvia\u201d, 2011) y Blanca Portillo (\u201cInvisibles\u201d, 2019; \u201cVolver\u201d, 2006, Premio a la Mejor actriz en el Festival de Cannes). Les acompa\u00f1an Mar\u00eda Cerezuela (\u201cInolvidables\u201d, 2021; \u201c\u00datero 26\u201d, 2019) y Urko Olazabal (\u201cV\u00edctima n\u00famero 8\u201d, 2018; \u201cErrementari\u201d, 2018). La banda sonora de\u00a0Maixabel\u00a0estar\u00e1 a cargo de Alberto Iglesias ganador de once premios Goya y tres veces nominado al Oscar. Javier Agirre\u00a0premio Goya en 2017 por \u201cHandia\u201d) es el director de fotograf\u00eda. Mikel Serrano (premio Goya por \u201cHandia\u201d en 2017) es el director de arte. Alazne Ameztoy (premio Goya en 2020 \u201cLa trinchera infinita\u201d) es la responsable del sonido. Clara Bilbao, ganadora de 3 Premios Goya, se encarga del vestuario. Karmele&#8230;<\/p>\n","protected":false},"author":1,"featured_media":11437,"comment_status":"open","ping_status":"open","sticky":false,"template":"","format":"standard","meta":{"_acf_changed":false,"footnotes":""},"categories":[1],"tags":[],"class_list":{"0":"post-11436","1":"post","2":"type-post","3":"status-publish","4":"format-standard","5":"has-post-thumbnail","7":"category-noticias"},"acf":[],"yoast_head":"<!-- This site is optimized with the Yoast SEO plugin v23.7 - https:\/\/yoast.com\/wordpress\/plugins\/seo\/ -->\n<title>Nueve profesionales navarros trabajan en &quot;Maixabel&quot;, la nueva pel\u00edcula de Ic\u00edar Bolla\u00edn - NFI<\/title>\n<meta name=\"robots\" content=\"index, follow, max-snippet:-1, max-image-preview:large, max-video-preview:-1\" \/>\n<link rel=\"canonical\" href=\"https:\/\/www.navarrafilmindustry.com\/eu\/nueve-profesionales-navarros-trabajan-en-maixabel-la-nueva-pelicula-de-iciar-bollain\/\" \/>\n<meta property=\"og:locale\" content=\"eu_ES\" \/>\n<meta property=\"og:type\" content=\"article\" \/>\n<meta property=\"og:title\" content=\"Nueve profesionales navarros trabajan en &quot;Maixabel&quot;, la nueva pel\u00edcula de Ic\u00edar Bolla\u00edn - NFI\" \/>\n<meta property=\"og:description\" content=\"El rodaje de Maixabel, und\u00e9cimo largometraje como directora de la cineasta Ic\u00edar Bolla\u00edn, protagonizado por Blanca Portillo y Luis Tosar rueda desde el 8 de febrero en localizaciones de Guip\u00fazcoa y \u00c1lava y cuenta con nueve profesionales de Navarra en su equipo. Se trata de Mikel Serrano (ganador del Goya por &#8220;Hand\u00eda&#8221; y nominado a otro por &#8220;Akelarre&#8221;, director de Arte; Silvia Rico, auxiliar de Regidur\u00eda; I\u00f1aki Oscoz Lerchundi, pe\u00f3n de Atrezzo; Naiara Olite, auxiliar de Producci\u00f3n; Amaia Irigoyen, auxiliar de Producci\u00f3n; Aritz Leoz, meritorio de Producci\u00f3n; Gorka Zudaire Marcilla, el\u00e9ctrico; Pablo Ruiz de Gauna, actor de reparto; y Jos\u00e9 Mar\u00eda As\u00edn, actor. Inspirada en hecho reales, la cinta cuenta la historia de Maixabel Lasa, viuda del pol\u00edtico vasco asesinado por ETA, Juan Mar\u00eda Ja\u00faregui, y una de las primeras v\u00edctimas en acceder a entrevistarse con los asesinos de su marido en la c\u00e1rcel. Escrita por\u00a0la guionista Isa Campo (\u201cEntre dos aguas\u201d, 2018) e Ic\u00edar Bolla\u00edn,\u00a0Maixabel\u00a0cuenta con un elenco encabezado por Luis Tosar (ganador de tres premios Goya, uno de ellos por \u201cTe doy mis ojos\u201d, 2003, de Bolla\u00edn, con quien tambi\u00e9n ha trabajado\u00a0en \u201cFlores de otro mundo\u201d, 1999 y \u201cTambi\u00e9n la lluvia\u201d, 2011) y Blanca Portillo (\u201cInvisibles\u201d, 2019; \u201cVolver\u201d, 2006, Premio a la Mejor actriz en el Festival de Cannes). Les acompa\u00f1an Mar\u00eda Cerezuela (\u201cInolvidables\u201d, 2021; \u201c\u00datero 26\u201d, 2019) y Urko Olazabal (\u201cV\u00edctima n\u00famero 8\u201d, 2018; \u201cErrementari\u201d, 2018). La banda sonora de\u00a0Maixabel\u00a0estar\u00e1 a cargo de Alberto Iglesias ganador de once premios Goya y tres veces nominado al Oscar. Javier Agirre\u00a0premio Goya en 2017 por \u201cHandia\u201d) es el director de fotograf\u00eda. Mikel Serrano (premio Goya por \u201cHandia\u201d en 2017) es el director de arte. Alazne Ameztoy (premio Goya en 2020 \u201cLa trinchera infinita\u201d) es la responsable del sonido. Clara Bilbao, ganadora de 3 Premios Goya, se encarga del vestuario. Karmele...\" \/>\n<meta property=\"og:url\" content=\"https:\/\/www.navarrafilmindustry.com\/eu\/nueve-profesionales-navarros-trabajan-en-maixabel-la-nueva-pelicula-de-iciar-bollain\/\" \/>\n<meta property=\"og:site_name\" content=\"NFI\" \/>\n<meta property=\"article:published_time\" content=\"2021-02-18T21:47:35+00:00\" \/>\n<meta property=\"og:image\" content=\"https:\/\/www.navarrafilmindustry.com\/wp-content\/uploads\/2022\/09\/David_Herranz1-scaled-1.jpg\" \/>\n\t<meta property=\"og:image:width\" content=\"2560\" \/>\n\t<meta property=\"og:image:height\" content=\"1707\" \/>\n\t<meta property=\"og:image:type\" content=\"image\/jpeg\" \/>\n<meta name=\"author\" content=\"admin\" \/>\n<meta name=\"twitter:card\" content=\"summary_large_image\" \/>\n<meta name=\"twitter:label1\" content=\"Written by\" \/>\n\t<meta name=\"twitter:data1\" content=\"admin\" \/>\n\t<meta name=\"twitter:label2\" content=\"Est. reading time\" \/>\n\t<meta name=\"twitter:data2\" content=\"5 minutes\" \/>\n<script type=\"application\/ld+json\" class=\"yoast-schema-graph\">{\"@context\":\"https:\/\/schema.org\",\"@graph\":[{\"@type\":\"WebPage\",\"@id\":\"https:\/\/www.navarrafilmindustry.com\/eu\/nueve-profesionales-navarros-trabajan-en-maixabel-la-nueva-pelicula-de-iciar-bollain\/\",\"url\":\"https:\/\/www.navarrafilmindustry.com\/eu\/nueve-profesionales-navarros-trabajan-en-maixabel-la-nueva-pelicula-de-iciar-bollain\/\",\"name\":\"Nueve profesionales navarros trabajan en \\\"Maixabel\\\", la nueva pel\u00edcula de Ic\u00edar Bolla\u00edn - NFI\",\"isPartOf\":{\"@id\":\"https:\/\/www.navarrafilmindustry.com\/eu\/#website\"},\"primaryImageOfPage\":{\"@id\":\"https:\/\/www.navarrafilmindustry.com\/eu\/nueve-profesionales-navarros-trabajan-en-maixabel-la-nueva-pelicula-de-iciar-bollain\/#primaryimage\"},\"image\":{\"@id\":\"https:\/\/www.navarrafilmindustry.com\/eu\/nueve-profesionales-navarros-trabajan-en-maixabel-la-nueva-pelicula-de-iciar-bollain\/#primaryimage\"},\"thumbnailUrl\":\"https:\/\/www.navarrafilmindustry.com\/wp-content\/uploads\/2022\/09\/David_Herranz1-scaled-1.jpg\",\"datePublished\":\"2021-02-18T21:47:35+00:00\",\"dateModified\":\"2021-02-18T21:47:35+00:00\",\"author\":{\"@id\":\"https:\/\/www.navarrafilmindustry.com\/eu\/#\/schema\/person\/28828168eafaea0599fb6ac09706208e\"},\"breadcrumb\":{\"@id\":\"https:\/\/www.navarrafilmindustry.com\/eu\/nueve-profesionales-navarros-trabajan-en-maixabel-la-nueva-pelicula-de-iciar-bollain\/#breadcrumb\"},\"inLanguage\":\"eu-ES\",\"potentialAction\":[{\"@type\":\"ReadAction\",\"target\":[\"https:\/\/www.navarrafilmindustry.com\/eu\/nueve-profesionales-navarros-trabajan-en-maixabel-la-nueva-pelicula-de-iciar-bollain\/\"]}]},{\"@type\":\"ImageObject\",\"inLanguage\":\"eu-ES\",\"@id\":\"https:\/\/www.navarrafilmindustry.com\/eu\/nueve-profesionales-navarros-trabajan-en-maixabel-la-nueva-pelicula-de-iciar-bollain\/#primaryimage\",\"url\":\"https:\/\/www.navarrafilmindustry.com\/wp-content\/uploads\/2022\/09\/David_Herranz1-scaled-1.jpg\",\"contentUrl\":\"https:\/\/www.navarrafilmindustry.com\/wp-content\/uploads\/2022\/09\/David_Herranz1-scaled-1.jpg\",\"width\":2560,\"height\":1707},{\"@type\":\"BreadcrumbList\",\"@id\":\"https:\/\/www.navarrafilmindustry.com\/eu\/nueve-profesionales-navarros-trabajan-en-maixabel-la-nueva-pelicula-de-iciar-bollain\/#breadcrumb\",\"itemListElement\":[{\"@type\":\"ListItem\",\"position\":1,\"name\":\"Portada\",\"item\":\"https:\/\/www.navarrafilmindustry.com\/eu\/\"},{\"@type\":\"ListItem\",\"position\":2,\"name\":\"Nueve profesionales navarros trabajan en &#8220;Maixabel&#8221;, la nueva pel\u00edcula de Ic\u00edar Bolla\u00edn\"}]},{\"@type\":\"WebSite\",\"@id\":\"https:\/\/www.navarrafilmindustry.com\/eu\/#website\",\"url\":\"https:\/\/www.navarrafilmindustry.com\/eu\/\",\"name\":\"NFI\",\"description\":\"\",\"potentialAction\":[{\"@type\":\"SearchAction\",\"target\":{\"@type\":\"EntryPoint\",\"urlTemplate\":\"https:\/\/www.navarrafilmindustry.com\/eu\/?s={search_term_string}\"},\"query-input\":{\"@type\":\"PropertyValueSpecification\",\"valueRequired\":true,\"valueName\":\"search_term_string\"}}],\"inLanguage\":\"eu-ES\"},{\"@type\":\"Person\",\"@id\":\"https:\/\/www.navarrafilmindustry.com\/eu\/#\/schema\/person\/28828168eafaea0599fb6ac09706208e\",\"name\":\"admin\",\"image\":{\"@type\":\"ImageObject\",\"inLanguage\":\"eu-ES\",\"@id\":\"https:\/\/www.navarrafilmindustry.com\/eu\/#\/schema\/person\/image\/\",\"url\":\"https:\/\/secure.gravatar.com\/avatar\/a4f5b7c164fdea771914ae0274620e3c?s=96&d=mm&r=g\",\"contentUrl\":\"https:\/\/secure.gravatar.com\/avatar\/a4f5b7c164fdea771914ae0274620e3c?s=96&d=mm&r=g\",\"caption\":\"admin\"},\"sameAs\":[\"https:\/\/www.navarrafilmindustry.com\"],\"url\":\"https:\/\/www.navarrafilmindustry.com\/eu\/author\/admin\/\"}]}<\/script>\n<!-- \/ Yoast SEO plugin. -->","yoast_head_json":{"title":"Nueve profesionales navarros trabajan en \"Maixabel\", la nueva pel\u00edcula de Ic\u00edar Bolla\u00edn - NFI","robots":{"index":"index","follow":"follow","max-snippet":"max-snippet:-1","max-image-preview":"max-image-preview:large","max-video-preview":"max-video-preview:-1"},"canonical":"https:\/\/www.navarrafilmindustry.com\/eu\/nueve-profesionales-navarros-trabajan-en-maixabel-la-nueva-pelicula-de-iciar-bollain\/","og_locale":"eu_ES","og_type":"article","og_title":"Nueve profesionales navarros trabajan en \"Maixabel\", la nueva pel\u00edcula de Ic\u00edar Bolla\u00edn - NFI","og_description":"El rodaje de Maixabel, und\u00e9cimo largometraje como directora de la cineasta Ic\u00edar Bolla\u00edn, protagonizado por Blanca Portillo y Luis Tosar rueda desde el 8 de febrero en localizaciones de Guip\u00fazcoa y \u00c1lava y cuenta con nueve profesionales de Navarra en su equipo. Se trata de Mikel Serrano (ganador del Goya por &#8220;Hand\u00eda&#8221; y nominado a otro por &#8220;Akelarre&#8221;, director de Arte; Silvia Rico, auxiliar de Regidur\u00eda; I\u00f1aki Oscoz Lerchundi, pe\u00f3n de Atrezzo; Naiara Olite, auxiliar de Producci\u00f3n; Amaia Irigoyen, auxiliar de Producci\u00f3n; Aritz Leoz, meritorio de Producci\u00f3n; Gorka Zudaire Marcilla, el\u00e9ctrico; Pablo Ruiz de Gauna, actor de reparto; y Jos\u00e9 Mar\u00eda As\u00edn, actor. Inspirada en hecho reales, la cinta cuenta la historia de Maixabel Lasa, viuda del pol\u00edtico vasco asesinado por ETA, Juan Mar\u00eda Ja\u00faregui, y una de las primeras v\u00edctimas en acceder a entrevistarse con los asesinos de su marido en la c\u00e1rcel. Escrita por\u00a0la guionista Isa Campo (\u201cEntre dos aguas\u201d, 2018) e Ic\u00edar Bolla\u00edn,\u00a0Maixabel\u00a0cuenta con un elenco encabezado por Luis Tosar (ganador de tres premios Goya, uno de ellos por \u201cTe doy mis ojos\u201d, 2003, de Bolla\u00edn, con quien tambi\u00e9n ha trabajado\u00a0en \u201cFlores de otro mundo\u201d, 1999 y \u201cTambi\u00e9n la lluvia\u201d, 2011) y Blanca Portillo (\u201cInvisibles\u201d, 2019; \u201cVolver\u201d, 2006, Premio a la Mejor actriz en el Festival de Cannes). Les acompa\u00f1an Mar\u00eda Cerezuela (\u201cInolvidables\u201d, 2021; \u201c\u00datero 26\u201d, 2019) y Urko Olazabal (\u201cV\u00edctima n\u00famero 8\u201d, 2018; \u201cErrementari\u201d, 2018). La banda sonora de\u00a0Maixabel\u00a0estar\u00e1 a cargo de Alberto Iglesias ganador de once premios Goya y tres veces nominado al Oscar. Javier Agirre\u00a0premio Goya en 2017 por \u201cHandia\u201d) es el director de fotograf\u00eda. Mikel Serrano (premio Goya por \u201cHandia\u201d en 2017) es el director de arte. Alazne Ameztoy (premio Goya en 2020 \u201cLa trinchera infinita\u201d) es la responsable del sonido. Clara Bilbao, ganadora de 3 Premios Goya, se encarga del vestuario. Karmele...","og_url":"https:\/\/www.navarrafilmindustry.com\/eu\/nueve-profesionales-navarros-trabajan-en-maixabel-la-nueva-pelicula-de-iciar-bollain\/","og_site_name":"NFI","article_published_time":"2021-02-18T21:47:35+00:00","og_image":[{"width":2560,"height":1707,"url":"https:\/\/www.navarrafilmindustry.com\/wp-content\/uploads\/2022\/09\/David_Herranz1-scaled-1.jpg","type":"image\/jpeg"}],"author":"admin","twitter_card":"summary_large_image","twitter_misc":{"Written by":"admin","Est. reading time":"5 minutes"},"schema":{"@context":"https:\/\/schema.org","@graph":[{"@type":"WebPage","@id":"https:\/\/www.navarrafilmindustry.com\/eu\/nueve-profesionales-navarros-trabajan-en-maixabel-la-nueva-pelicula-de-iciar-bollain\/","url":"https:\/\/www.navarrafilmindustry.com\/eu\/nueve-profesionales-navarros-trabajan-en-maixabel-la-nueva-pelicula-de-iciar-bollain\/","name":"Nueve profesionales navarros trabajan en \"Maixabel\", la nueva pel\u00edcula de Ic\u00edar Bolla\u00edn - NFI","isPartOf":{"@id":"https:\/\/www.navarrafilmindustry.com\/eu\/#website"},"primaryImageOfPage":{"@id":"https:\/\/www.navarrafilmindustry.com\/eu\/nueve-profesionales-navarros-trabajan-en-maixabel-la-nueva-pelicula-de-iciar-bollain\/#primaryimage"},"image":{"@id":"https:\/\/www.navarrafilmindustry.com\/eu\/nueve-profesionales-navarros-trabajan-en-maixabel-la-nueva-pelicula-de-iciar-bollain\/#primaryimage"},"thumbnailUrl":"https:\/\/www.navarrafilmindustry.com\/wp-content\/uploads\/2022\/09\/David_Herranz1-scaled-1.jpg","datePublished":"2021-02-18T21:47:35+00:00","dateModified":"2021-02-18T21:47:35+00:00","author":{"@id":"https:\/\/www.navarrafilmindustry.com\/eu\/#\/schema\/person\/28828168eafaea0599fb6ac09706208e"},"breadcrumb":{"@id":"https:\/\/www.navarrafilmindustry.com\/eu\/nueve-profesionales-navarros-trabajan-en-maixabel-la-nueva-pelicula-de-iciar-bollain\/#breadcrumb"},"inLanguage":"eu-ES","potentialAction":[{"@type":"ReadAction","target":["https:\/\/www.navarrafilmindustry.com\/eu\/nueve-profesionales-navarros-trabajan-en-maixabel-la-nueva-pelicula-de-iciar-bollain\/"]}]},{"@type":"ImageObject","inLanguage":"eu-ES","@id":"https:\/\/www.navarrafilmindustry.com\/eu\/nueve-profesionales-navarros-trabajan-en-maixabel-la-nueva-pelicula-de-iciar-bollain\/#primaryimage","url":"https:\/\/www.navarrafilmindustry.com\/wp-content\/uploads\/2022\/09\/David_Herranz1-scaled-1.jpg","contentUrl":"https:\/\/www.navarrafilmindustry.com\/wp-content\/uploads\/2022\/09\/David_Herranz1-scaled-1.jpg","width":2560,"height":1707},{"@type":"BreadcrumbList","@id":"https:\/\/www.navarrafilmindustry.com\/eu\/nueve-profesionales-navarros-trabajan-en-maixabel-la-nueva-pelicula-de-iciar-bollain\/#breadcrumb","itemListElement":[{"@type":"ListItem","position":1,"name":"Portada","item":"https:\/\/www.navarrafilmindustry.com\/eu\/"},{"@type":"ListItem","position":2,"name":"Nueve profesionales navarros trabajan en &#8220;Maixabel&#8221;, la nueva pel\u00edcula de Ic\u00edar Bolla\u00edn"}]},{"@type":"WebSite","@id":"https:\/\/www.navarrafilmindustry.com\/eu\/#website","url":"https:\/\/www.navarrafilmindustry.com\/eu\/","name":"NFI","description":"","potentialAction":[{"@type":"SearchAction","target":{"@type":"EntryPoint","urlTemplate":"https:\/\/www.navarrafilmindustry.com\/eu\/?s={search_term_string}"},"query-input":{"@type":"PropertyValueSpecification","valueRequired":true,"valueName":"search_term_string"}}],"inLanguage":"eu-ES"},{"@type":"Person","@id":"https:\/\/www.navarrafilmindustry.com\/eu\/#\/schema\/person\/28828168eafaea0599fb6ac09706208e","name":"admin","image":{"@type":"ImageObject","inLanguage":"eu-ES","@id":"https:\/\/www.navarrafilmindustry.com\/eu\/#\/schema\/person\/image\/","url":"https:\/\/secure.gravatar.com\/avatar\/a4f5b7c164fdea771914ae0274620e3c?s=96&d=mm&r=g","contentUrl":"https:\/\/secure.gravatar.com\/avatar\/a4f5b7c164fdea771914ae0274620e3c?s=96&d=mm&r=g","caption":"admin"},"sameAs":["https:\/\/www.navarrafilmindustry.com"],"url":"https:\/\/www.navarrafilmindustry.com\/eu\/author\/admin\/"}]}},"_links":{"self":[{"href":"https:\/\/www.navarrafilmindustry.com\/eu\/wp-json\/wp\/v2\/posts\/11436"}],"collection":[{"href":"https:\/\/www.navarrafilmindustry.com\/eu\/wp-json\/wp\/v2\/posts"}],"about":[{"href":"https:\/\/www.navarrafilmindustry.com\/eu\/wp-json\/wp\/v2\/types\/post"}],"author":[{"embeddable":true,"href":"https:\/\/www.navarrafilmindustry.com\/eu\/wp-json\/wp\/v2\/users\/1"}],"replies":[{"embeddable":true,"href":"https:\/\/www.navarrafilmindustry.com\/eu\/wp-json\/wp\/v2\/comments?post=11436"}],"version-history":[{"count":0,"href":"https:\/\/www.navarrafilmindustry.com\/eu\/wp-json\/wp\/v2\/posts\/11436\/revisions"}],"wp:featuredmedia":[{"embeddable":true,"href":"https:\/\/www.navarrafilmindustry.com\/eu\/wp-json\/wp\/v2\/media\/11437"}],"wp:attachment":[{"href":"https:\/\/www.navarrafilmindustry.com\/eu\/wp-json\/wp\/v2\/media?parent=11436"}],"wp:term":[{"taxonomy":"category","embeddable":true,"href":"https:\/\/www.navarrafilmindustry.com\/eu\/wp-json\/wp\/v2\/categories?post=11436"},{"taxonomy":"post_tag","embeddable":true,"href":"https:\/\/www.navarrafilmindustry.com\/eu\/wp-json\/wp\/v2\/tags?post=11436"}],"curies":[{"name":"wp","href":"https:\/\/api.w.org\/{rel}","templated":true}]}}