{"id":11271,"date":"2020-12-21T23:27:36","date_gmt":"2020-12-21T23:27:36","guid":{"rendered":"http:\/\/nfc.plannertest.com\/la-nueva-serie-de-netflix-tu-no-eres-especial-se-ambientara-en-navarra\/"},"modified":"2020-12-21T23:27:36","modified_gmt":"2020-12-21T23:27:36","slug":"la-nueva-serie-de-netflix-tu-no-eres-especial-se-ambientara-en-navarra","status":"publish","type":"post","link":"https:\/\/www.navarrafilmindustry.com\/eu\/la-nueva-serie-de-netflix-tu-no-eres-especial-se-ambientara-en-navarra\/","title":{"rendered":"La nueva serie de Netflix &#8220;T\u00fa no eres especial&#8221; se ambientar\u00e1 en Navarra"},"content":{"rendered":"<div class=\"cuerpo_noticia fotoapaisada\">\n<div class=\"foto_desa\">\n<div class=\"bloqueclear_video\">Actualmente en fase de preproducci\u00f3n, la serie &#8220;T\u00fa no eres especial&#8221; de Netflix se ambienta en un pueblo de Navarra. Esta comedia dirigida al p\u00fablico adolescente iniciar\u00e1 su rodaje en 2021 y se desarrollar\u00e1 en &#8220;Salavarr\u00eda&#8221;, un pueblo ficticio que se localiza en Lekunberri, Leitza y sus alrededores.<\/div>\n<div>\n<p>Adem\u00e1s de rodarse en tierras navarras, la serie contar\u00e1 con profesionales de Navarra en el equipo. As\u00ed, la cortometrajista y guionista tudelana Est\u00edbaliz Burgaleta (&#8220;Skam Espa\u00f1a&#8221;, &#8220;La leonera&#8221;, &#8220;Ma\u00f1ana&#8221;) es la creadora de la serie, mientras Puy Oria (&#8220;Silencio roto&#8221;, &#8220;La guerrilla de la memoria&#8221;, &#8220;De tu ventana a la m\u00eda&#8221;, &#8220;No tengas miedo&#8221;) ser\u00e1 productora ejecutiva.<\/p>\n<\/div>\n<p>La protagonista de la serie es Amaia, una joven que de la noche a la ma\u00f1ana\u00a0tiene que decir adi\u00f3s a su vida en Barcelona, donde tiene a todos sus amigos y su vida, para trasladarse al pueblo de su madre en Navarra, donde nunca pasa nada. Hasta ahora. Ya en Salavarr\u00eda, se da cuenta de que quiz\u00e1 ha heredado los poderes de su abuela: una mujer a la que no lleg\u00f3 a conocer, pero con fama de ser la \u00fanica bruja del pueblo.<\/p>\n<\/div>\n<p>&nbsp;<\/p>\n<\/div>\n","protected":false},"excerpt":{"rendered":"<p>Actualmente en fase de preproducci\u00f3n, la serie &#8220;T\u00fa no eres especial&#8221; de Netflix se ambienta en un pueblo de Navarra. Esta comedia dirigida al p\u00fablico adolescente iniciar\u00e1 su rodaje en 2021 y se desarrollar\u00e1 en &#8220;Salavarr\u00eda&#8221;, un pueblo ficticio que se localiza en Lekunberri, Leitza y sus alrededores. Adem\u00e1s de rodarse en tierras navarras, la serie contar\u00e1 con profesionales de Navarra en el equipo. As\u00ed, la cortometrajista y guionista tudelana Est\u00edbaliz Burgaleta (&#8220;Skam Espa\u00f1a&#8221;, &#8220;La leonera&#8221;, &#8220;Ma\u00f1ana&#8221;) es la creadora de la serie, mientras Puy Oria (&#8220;Silencio roto&#8221;, &#8220;La guerrilla de la memoria&#8221;, &#8220;De tu ventana a la m\u00eda&#8221;, &#8220;No tengas miedo&#8221;) ser\u00e1 productora ejecutiva. La protagonista de la serie es Amaia, una joven que de la noche a la ma\u00f1ana\u00a0tiene que decir adi\u00f3s a su vida en Barcelona, donde tiene a todos sus amigos y su vida, para trasladarse al pueblo de su madre en Navarra, donde nunca pasa nada. Hasta ahora. Ya en Salavarr\u00eda, se da cuenta de que quiz\u00e1 ha heredado los poderes de su abuela: una mujer a la que no lleg\u00f3 a conocer, pero con fama de ser la \u00fanica bruja del pueblo. &nbsp;<\/p>\n","protected":false},"author":1,"featured_media":11272,"comment_status":"open","ping_status":"open","sticky":false,"template":"","format":"standard","meta":{"_acf_changed":false,"footnotes":""},"categories":[1],"tags":[],"class_list":{"0":"post-11271","1":"post","2":"type-post","3":"status-publish","4":"format-standard","5":"has-post-thumbnail","7":"category-noticias"},"acf":[],"yoast_head":"<!-- This site is optimized with the Yoast SEO plugin v23.7 - https:\/\/yoast.com\/wordpress\/plugins\/seo\/ -->\n<title>La nueva serie de Netflix &quot;T\u00fa no eres especial&quot; se ambientar\u00e1 en Navarra - NFI<\/title>\n<meta name=\"robots\" content=\"index, follow, max-snippet:-1, max-image-preview:large, max-video-preview:-1\" \/>\n<link rel=\"canonical\" href=\"https:\/\/www.navarrafilmindustry.com\/eu\/la-nueva-serie-de-netflix-tu-no-eres-especial-se-ambientara-en-navarra\/\" \/>\n<meta property=\"og:locale\" content=\"eu_ES\" \/>\n<meta property=\"og:type\" content=\"article\" \/>\n<meta property=\"og:title\" content=\"La nueva serie de Netflix &quot;T\u00fa no eres especial&quot; se ambientar\u00e1 en Navarra - NFI\" \/>\n<meta property=\"og:description\" content=\"Actualmente en fase de preproducci\u00f3n, la serie &#8220;T\u00fa no eres especial&#8221; de Netflix se ambienta en un pueblo de Navarra. Esta comedia dirigida al p\u00fablico adolescente iniciar\u00e1 su rodaje en 2021 y se desarrollar\u00e1 en &#8220;Salavarr\u00eda&#8221;, un pueblo ficticio que se localiza en Lekunberri, Leitza y sus alrededores. Adem\u00e1s de rodarse en tierras navarras, la serie contar\u00e1 con profesionales de Navarra en el equipo. As\u00ed, la cortometrajista y guionista tudelana Est\u00edbaliz Burgaleta (&#8220;Skam Espa\u00f1a&#8221;, &#8220;La leonera&#8221;, &#8220;Ma\u00f1ana&#8221;) es la creadora de la serie, mientras Puy Oria (&#8220;Silencio roto&#8221;, &#8220;La guerrilla de la memoria&#8221;, &#8220;De tu ventana a la m\u00eda&#8221;, &#8220;No tengas miedo&#8221;) ser\u00e1 productora ejecutiva. La protagonista de la serie es Amaia, una joven que de la noche a la ma\u00f1ana\u00a0tiene que decir adi\u00f3s a su vida en Barcelona, donde tiene a todos sus amigos y su vida, para trasladarse al pueblo de su madre en Navarra, donde nunca pasa nada. Hasta ahora. Ya en Salavarr\u00eda, se da cuenta de que quiz\u00e1 ha heredado los poderes de su abuela: una mujer a la que no lleg\u00f3 a conocer, pero con fama de ser la \u00fanica bruja del pueblo. &nbsp;\" \/>\n<meta property=\"og:url\" content=\"https:\/\/www.navarrafilmindustry.com\/eu\/la-nueva-serie-de-netflix-tu-no-eres-especial-se-ambientara-en-navarra\/\" \/>\n<meta property=\"og:site_name\" content=\"NFI\" \/>\n<meta property=\"article:published_time\" content=\"2020-12-21T23:27:36+00:00\" \/>\n<meta property=\"og:image\" content=\"https:\/\/www.navarrafilmindustry.com\/wp-content\/uploads\/2022\/09\/salavarria.jpg\" \/>\n\t<meta property=\"og:image:width\" content=\"690\" \/>\n\t<meta property=\"og:image:height\" content=\"459\" \/>\n\t<meta property=\"og:image:type\" content=\"image\/jpeg\" \/>\n<meta name=\"author\" content=\"admin\" \/>\n<meta name=\"twitter:card\" content=\"summary_large_image\" \/>\n<meta name=\"twitter:label1\" content=\"Written by\" \/>\n\t<meta name=\"twitter:data1\" content=\"admin\" \/>\n\t<meta name=\"twitter:label2\" content=\"Est. reading time\" \/>\n\t<meta name=\"twitter:data2\" content=\"1 minute\" \/>\n<script type=\"application\/ld+json\" class=\"yoast-schema-graph\">{\"@context\":\"https:\/\/schema.org\",\"@graph\":[{\"@type\":\"WebPage\",\"@id\":\"https:\/\/www.navarrafilmindustry.com\/eu\/la-nueva-serie-de-netflix-tu-no-eres-especial-se-ambientara-en-navarra\/\",\"url\":\"https:\/\/www.navarrafilmindustry.com\/eu\/la-nueva-serie-de-netflix-tu-no-eres-especial-se-ambientara-en-navarra\/\",\"name\":\"La nueva serie de Netflix \\\"T\u00fa no eres especial\\\" se ambientar\u00e1 en Navarra - NFI\",\"isPartOf\":{\"@id\":\"https:\/\/www.navarrafilmindustry.com\/eu\/#website\"},\"primaryImageOfPage\":{\"@id\":\"https:\/\/www.navarrafilmindustry.com\/eu\/la-nueva-serie-de-netflix-tu-no-eres-especial-se-ambientara-en-navarra\/#primaryimage\"},\"image\":{\"@id\":\"https:\/\/www.navarrafilmindustry.com\/eu\/la-nueva-serie-de-netflix-tu-no-eres-especial-se-ambientara-en-navarra\/#primaryimage\"},\"thumbnailUrl\":\"https:\/\/www.navarrafilmindustry.com\/wp-content\/uploads\/2022\/09\/salavarria.jpg\",\"datePublished\":\"2020-12-21T23:27:36+00:00\",\"dateModified\":\"2020-12-21T23:27:36+00:00\",\"author\":{\"@id\":\"https:\/\/www.navarrafilmindustry.com\/eu\/#\/schema\/person\/28828168eafaea0599fb6ac09706208e\"},\"breadcrumb\":{\"@id\":\"https:\/\/www.navarrafilmindustry.com\/eu\/la-nueva-serie-de-netflix-tu-no-eres-especial-se-ambientara-en-navarra\/#breadcrumb\"},\"inLanguage\":\"eu-ES\",\"potentialAction\":[{\"@type\":\"ReadAction\",\"target\":[\"https:\/\/www.navarrafilmindustry.com\/eu\/la-nueva-serie-de-netflix-tu-no-eres-especial-se-ambientara-en-navarra\/\"]}]},{\"@type\":\"ImageObject\",\"inLanguage\":\"eu-ES\",\"@id\":\"https:\/\/www.navarrafilmindustry.com\/eu\/la-nueva-serie-de-netflix-tu-no-eres-especial-se-ambientara-en-navarra\/#primaryimage\",\"url\":\"https:\/\/www.navarrafilmindustry.com\/wp-content\/uploads\/2022\/09\/salavarria.jpg\",\"contentUrl\":\"https:\/\/www.navarrafilmindustry.com\/wp-content\/uploads\/2022\/09\/salavarria.jpg\",\"width\":690,\"height\":459},{\"@type\":\"BreadcrumbList\",\"@id\":\"https:\/\/www.navarrafilmindustry.com\/eu\/la-nueva-serie-de-netflix-tu-no-eres-especial-se-ambientara-en-navarra\/#breadcrumb\",\"itemListElement\":[{\"@type\":\"ListItem\",\"position\":1,\"name\":\"Portada\",\"item\":\"https:\/\/www.navarrafilmindustry.com\/eu\/\"},{\"@type\":\"ListItem\",\"position\":2,\"name\":\"La nueva serie de Netflix &#8220;T\u00fa no eres especial&#8221; se ambientar\u00e1 en Navarra\"}]},{\"@type\":\"WebSite\",\"@id\":\"https:\/\/www.navarrafilmindustry.com\/eu\/#website\",\"url\":\"https:\/\/www.navarrafilmindustry.com\/eu\/\",\"name\":\"NFI\",\"description\":\"\",\"potentialAction\":[{\"@type\":\"SearchAction\",\"target\":{\"@type\":\"EntryPoint\",\"urlTemplate\":\"https:\/\/www.navarrafilmindustry.com\/eu\/?s={search_term_string}\"},\"query-input\":{\"@type\":\"PropertyValueSpecification\",\"valueRequired\":true,\"valueName\":\"search_term_string\"}}],\"inLanguage\":\"eu-ES\"},{\"@type\":\"Person\",\"@id\":\"https:\/\/www.navarrafilmindustry.com\/eu\/#\/schema\/person\/28828168eafaea0599fb6ac09706208e\",\"name\":\"admin\",\"image\":{\"@type\":\"ImageObject\",\"inLanguage\":\"eu-ES\",\"@id\":\"https:\/\/www.navarrafilmindustry.com\/eu\/#\/schema\/person\/image\/\",\"url\":\"https:\/\/secure.gravatar.com\/avatar\/a4f5b7c164fdea771914ae0274620e3c?s=96&d=mm&r=g\",\"contentUrl\":\"https:\/\/secure.gravatar.com\/avatar\/a4f5b7c164fdea771914ae0274620e3c?s=96&d=mm&r=g\",\"caption\":\"admin\"},\"sameAs\":[\"https:\/\/www.navarrafilmindustry.com\"],\"url\":\"https:\/\/www.navarrafilmindustry.com\/eu\/author\/admin\/\"}]}<\/script>\n<!-- \/ Yoast SEO plugin. -->","yoast_head_json":{"title":"La nueva serie de Netflix \"T\u00fa no eres especial\" se ambientar\u00e1 en Navarra - NFI","robots":{"index":"index","follow":"follow","max-snippet":"max-snippet:-1","max-image-preview":"max-image-preview:large","max-video-preview":"max-video-preview:-1"},"canonical":"https:\/\/www.navarrafilmindustry.com\/eu\/la-nueva-serie-de-netflix-tu-no-eres-especial-se-ambientara-en-navarra\/","og_locale":"eu_ES","og_type":"article","og_title":"La nueva serie de Netflix \"T\u00fa no eres especial\" se ambientar\u00e1 en Navarra - NFI","og_description":"Actualmente en fase de preproducci\u00f3n, la serie &#8220;T\u00fa no eres especial&#8221; de Netflix se ambienta en un pueblo de Navarra. Esta comedia dirigida al p\u00fablico adolescente iniciar\u00e1 su rodaje en 2021 y se desarrollar\u00e1 en &#8220;Salavarr\u00eda&#8221;, un pueblo ficticio que se localiza en Lekunberri, Leitza y sus alrededores. Adem\u00e1s de rodarse en tierras navarras, la serie contar\u00e1 con profesionales de Navarra en el equipo. As\u00ed, la cortometrajista y guionista tudelana Est\u00edbaliz Burgaleta (&#8220;Skam Espa\u00f1a&#8221;, &#8220;La leonera&#8221;, &#8220;Ma\u00f1ana&#8221;) es la creadora de la serie, mientras Puy Oria (&#8220;Silencio roto&#8221;, &#8220;La guerrilla de la memoria&#8221;, &#8220;De tu ventana a la m\u00eda&#8221;, &#8220;No tengas miedo&#8221;) ser\u00e1 productora ejecutiva. La protagonista de la serie es Amaia, una joven que de la noche a la ma\u00f1ana\u00a0tiene que decir adi\u00f3s a su vida en Barcelona, donde tiene a todos sus amigos y su vida, para trasladarse al pueblo de su madre en Navarra, donde nunca pasa nada. Hasta ahora. Ya en Salavarr\u00eda, se da cuenta de que quiz\u00e1 ha heredado los poderes de su abuela: una mujer a la que no lleg\u00f3 a conocer, pero con fama de ser la \u00fanica bruja del pueblo. &nbsp;","og_url":"https:\/\/www.navarrafilmindustry.com\/eu\/la-nueva-serie-de-netflix-tu-no-eres-especial-se-ambientara-en-navarra\/","og_site_name":"NFI","article_published_time":"2020-12-21T23:27:36+00:00","og_image":[{"width":690,"height":459,"url":"https:\/\/www.navarrafilmindustry.com\/wp-content\/uploads\/2022\/09\/salavarria.jpg","type":"image\/jpeg"}],"author":"admin","twitter_card":"summary_large_image","twitter_misc":{"Written by":"admin","Est. reading time":"1 minute"},"schema":{"@context":"https:\/\/schema.org","@graph":[{"@type":"WebPage","@id":"https:\/\/www.navarrafilmindustry.com\/eu\/la-nueva-serie-de-netflix-tu-no-eres-especial-se-ambientara-en-navarra\/","url":"https:\/\/www.navarrafilmindustry.com\/eu\/la-nueva-serie-de-netflix-tu-no-eres-especial-se-ambientara-en-navarra\/","name":"La nueva serie de Netflix \"T\u00fa no eres especial\" se ambientar\u00e1 en Navarra - NFI","isPartOf":{"@id":"https:\/\/www.navarrafilmindustry.com\/eu\/#website"},"primaryImageOfPage":{"@id":"https:\/\/www.navarrafilmindustry.com\/eu\/la-nueva-serie-de-netflix-tu-no-eres-especial-se-ambientara-en-navarra\/#primaryimage"},"image":{"@id":"https:\/\/www.navarrafilmindustry.com\/eu\/la-nueva-serie-de-netflix-tu-no-eres-especial-se-ambientara-en-navarra\/#primaryimage"},"thumbnailUrl":"https:\/\/www.navarrafilmindustry.com\/wp-content\/uploads\/2022\/09\/salavarria.jpg","datePublished":"2020-12-21T23:27:36+00:00","dateModified":"2020-12-21T23:27:36+00:00","author":{"@id":"https:\/\/www.navarrafilmindustry.com\/eu\/#\/schema\/person\/28828168eafaea0599fb6ac09706208e"},"breadcrumb":{"@id":"https:\/\/www.navarrafilmindustry.com\/eu\/la-nueva-serie-de-netflix-tu-no-eres-especial-se-ambientara-en-navarra\/#breadcrumb"},"inLanguage":"eu-ES","potentialAction":[{"@type":"ReadAction","target":["https:\/\/www.navarrafilmindustry.com\/eu\/la-nueva-serie-de-netflix-tu-no-eres-especial-se-ambientara-en-navarra\/"]}]},{"@type":"ImageObject","inLanguage":"eu-ES","@id":"https:\/\/www.navarrafilmindustry.com\/eu\/la-nueva-serie-de-netflix-tu-no-eres-especial-se-ambientara-en-navarra\/#primaryimage","url":"https:\/\/www.navarrafilmindustry.com\/wp-content\/uploads\/2022\/09\/salavarria.jpg","contentUrl":"https:\/\/www.navarrafilmindustry.com\/wp-content\/uploads\/2022\/09\/salavarria.jpg","width":690,"height":459},{"@type":"BreadcrumbList","@id":"https:\/\/www.navarrafilmindustry.com\/eu\/la-nueva-serie-de-netflix-tu-no-eres-especial-se-ambientara-en-navarra\/#breadcrumb","itemListElement":[{"@type":"ListItem","position":1,"name":"Portada","item":"https:\/\/www.navarrafilmindustry.com\/eu\/"},{"@type":"ListItem","position":2,"name":"La nueva serie de Netflix &#8220;T\u00fa no eres especial&#8221; se ambientar\u00e1 en Navarra"}]},{"@type":"WebSite","@id":"https:\/\/www.navarrafilmindustry.com\/eu\/#website","url":"https:\/\/www.navarrafilmindustry.com\/eu\/","name":"NFI","description":"","potentialAction":[{"@type":"SearchAction","target":{"@type":"EntryPoint","urlTemplate":"https:\/\/www.navarrafilmindustry.com\/eu\/?s={search_term_string}"},"query-input":{"@type":"PropertyValueSpecification","valueRequired":true,"valueName":"search_term_string"}}],"inLanguage":"eu-ES"},{"@type":"Person","@id":"https:\/\/www.navarrafilmindustry.com\/eu\/#\/schema\/person\/28828168eafaea0599fb6ac09706208e","name":"admin","image":{"@type":"ImageObject","inLanguage":"eu-ES","@id":"https:\/\/www.navarrafilmindustry.com\/eu\/#\/schema\/person\/image\/","url":"https:\/\/secure.gravatar.com\/avatar\/a4f5b7c164fdea771914ae0274620e3c?s=96&d=mm&r=g","contentUrl":"https:\/\/secure.gravatar.com\/avatar\/a4f5b7c164fdea771914ae0274620e3c?s=96&d=mm&r=g","caption":"admin"},"sameAs":["https:\/\/www.navarrafilmindustry.com"],"url":"https:\/\/www.navarrafilmindustry.com\/eu\/author\/admin\/"}]}},"_links":{"self":[{"href":"https:\/\/www.navarrafilmindustry.com\/eu\/wp-json\/wp\/v2\/posts\/11271"}],"collection":[{"href":"https:\/\/www.navarrafilmindustry.com\/eu\/wp-json\/wp\/v2\/posts"}],"about":[{"href":"https:\/\/www.navarrafilmindustry.com\/eu\/wp-json\/wp\/v2\/types\/post"}],"author":[{"embeddable":true,"href":"https:\/\/www.navarrafilmindustry.com\/eu\/wp-json\/wp\/v2\/users\/1"}],"replies":[{"embeddable":true,"href":"https:\/\/www.navarrafilmindustry.com\/eu\/wp-json\/wp\/v2\/comments?post=11271"}],"version-history":[{"count":0,"href":"https:\/\/www.navarrafilmindustry.com\/eu\/wp-json\/wp\/v2\/posts\/11271\/revisions"}],"wp:featuredmedia":[{"embeddable":true,"href":"https:\/\/www.navarrafilmindustry.com\/eu\/wp-json\/wp\/v2\/media\/11272"}],"wp:attachment":[{"href":"https:\/\/www.navarrafilmindustry.com\/eu\/wp-json\/wp\/v2\/media?parent=11271"}],"wp:term":[{"taxonomy":"category","embeddable":true,"href":"https:\/\/www.navarrafilmindustry.com\/eu\/wp-json\/wp\/v2\/categories?post=11271"},{"taxonomy":"post_tag","embeddable":true,"href":"https:\/\/www.navarrafilmindustry.com\/eu\/wp-json\/wp\/v2\/tags?post=11271"}],"curies":[{"name":"wp","href":"https:\/\/api.w.org\/{rel}","templated":true}]}}