{"id":52535,"date":"2026-04-07T11:29:15","date_gmt":"2026-04-07T11:29:15","guid":{"rendered":"https:\/\/www.navarrafilmindustry.com\/?p=52535"},"modified":"2026-04-07T11:29:15","modified_gmt":"2026-04-07T11:29:15","slug":"convocatoria-ayudas-generazinema-navarra-shortzinema","status":"publish","type":"post","link":"https:\/\/www.navarrafilmindustry.com\/es\/convocatoria-ayudas-generazinema-navarra-shortzinema\/","title":{"rendered":"Abierta la convocatoria para las Ayudas Generazinema 2026 y Navarra Shortzinema 2026"},"content":{"rendered":"<p>Ya est\u00e1 abierta la convocatoria para las Ayudas Generazinema Formaci\u00f3n, Generazinema Promoci\u00f3n y Generazinema Festivales, convocadas por la Secci\u00f3n de Proyectos Audiovisuales y Digitales de la Direcci\u00f3n General de Cultura. Estas l\u00edneas de ayuda pretenden impulsar los proyectos asentados en Navarra y cubrir toda la cadena de valor del audiovisual.<\/p>\n<p><strong>Las Ayudas Generazinema Festivales 2026<\/strong> tienen por objeto regular las ayudas a empresas y profesionales para la organizaci\u00f3n de festivales y cert\u00e1menes de cinematograf\u00eda que se vayan a celebrar en Navarra entre el 1 de noviembre del 2025 y el 31 de octubre de 2026 (ambos inclusive). El plazo estar\u00e1 abierto <strong>hasta el 19 de abril<\/strong>. M\u00e1s informaci\u00f3n e inscripci\u00f3n en <a href=\"https:\/\/www.navarra.es\/es\/tramites\/on\/-\/line\/generazinema-festivales?back=true&amp;pageBackId=5722676\">navarra.es<\/a>.<\/p>\n<p><strong>Las Ayudas Generazinema Formaci\u00f3n 2026<\/strong> son ayudas para la organizaci\u00f3n de actividades formativas dirigidas al sector profesional audiovisual que se celebren en Navarra entre el 1 de noviembre de 2025 y el 31 de octubre de 2026 (ambos inclusive). El plazo de convocatoria estar\u00e1 abierto <strong>hasta el 27 de abril<\/strong>. M\u00e1s informaci\u00f3n e inscripci\u00f3n en <a href=\"https:\/\/www.navarra.es\/es\/tramites\/on\/-\/line\/generazinema-formacion\">navarra.es<\/a>.<\/p>\n<p><strong>Las Ayudas Generazinema Promoci\u00f3n 2026<\/strong> son las ayudas dedicadas a la participaci\u00f3n del sector audiovisual profesional navarro en festivales (\u00e1rea de industria), mercados, ferias y eventos profesionales relacionados con el sector audiovisual. El plazo de convocatoria estar\u00e1 abierto <strong>hasta el 31 de octubre<\/strong>. M\u00e1s informaci\u00f3n e inscripci\u00f3n en <a href=\"https:\/\/www.navarra.es\/es\/tramites\/on\/-\/line\/generazinema-promocion?back=true&amp;pageBackId=5722676\">navarra.es<\/a>.<\/p>\n<p>Por otro lado la Secci\u00f3n de Proyectos Audiovisuales y Digitales de la Direcci\u00f3n General de Cultura ha abierto tambi\u00e9n la convocatoria para <strong>Navarra Shortzinema 2026<\/strong>, un cat\u00e1logo de cortometrajes que busca el reconocimiento, la promoci\u00f3n y difusi\u00f3n de cortometrajes de directores\/as y\/o productoras navarras realizados en los doce meses anteriores a la fecha de cierre de inscripci\u00f3n de esta convocatoria. Este programa consiste en la selecci\u00f3n de los mejores cortometrajes navarros para presentar en los festivales, ferias y mercados m\u00e1s importantes del sector, y para su difusi\u00f3n en la Filmoteca de Navarra (especialmente a trav\u00e9s de su programa Filmoteca En Navarra) y en eventos de intercambio con otros cat\u00e1logos auton\u00f3micos. <strong>El plazo de convocatoria finaliza el 20 de abril<\/strong>. M\u00e1s informaci\u00f3n e inscripci\u00f3n en <a href=\"https:\/\/www.culturanavarra.es\/es\/navarra-shortzinema-2026\">culturanavarra.es<\/a>.<\/p>\n","protected":false},"excerpt":{"rendered":"<p>Ya est\u00e1 abierta la convocatoria para las Ayudas Generazinema Formaci\u00f3n, Generazinema Promoci\u00f3n y Generazinema Festivales, convocadas por la Secci\u00f3n de Proyectos Audiovisuales y Digitales de la Direcci\u00f3n General de Cultura. Estas l\u00edneas de ayuda pretenden impulsar los proyectos asentados en Navarra y cubrir toda la cadena de valor del audiovisual. Las Ayudas Generazinema Festivales 2026 tienen por objeto regular las ayudas a empresas y profesionales para la organizaci\u00f3n de festivales y cert\u00e1menes de cinematograf\u00eda que se vayan a celebrar en Navarra entre el 1 de noviembre del 2025 y el 31 de octubre de 2026 (ambos inclusive). El plazo estar\u00e1 abierto hasta el 19 de abril. M\u00e1s informaci\u00f3n e inscripci\u00f3n en navarra.es. Las Ayudas Generazinema Formaci\u00f3n 2026 son ayudas para la organizaci\u00f3n de actividades formativas dirigidas al sector profesional audiovisual que se celebren en Navarra entre el 1 de noviembre de 2025 y el 31 de octubre de 2026 (ambos inclusive). El plazo de convocatoria estar\u00e1 abierto hasta el 27 de abril. M\u00e1s informaci\u00f3n e inscripci\u00f3n en navarra.es. Las Ayudas Generazinema Promoci\u00f3n 2026 son las ayudas dedicadas a la participaci\u00f3n del sector audiovisual profesional navarro en festivales (\u00e1rea de industria), mercados, ferias y eventos profesionales relacionados con el sector audiovisual. El plazo de convocatoria estar\u00e1 abierto hasta el 31 de octubre. M\u00e1s informaci\u00f3n e inscripci\u00f3n en navarra.es. Por otro lado la Secci\u00f3n de Proyectos Audiovisuales y Digitales de la Direcci\u00f3n General de Cultura ha abierto tambi\u00e9n la convocatoria para Navarra Shortzinema 2026, un cat\u00e1logo de cortometrajes que busca el reconocimiento, la promoci\u00f3n y difusi\u00f3n de cortometrajes de directores\/as y\/o productoras navarras realizados en los doce meses anteriores a la fecha de cierre de inscripci\u00f3n de esta convocatoria. Este programa consiste en la selecci\u00f3n de los mejores cortometrajes navarros para presentar en los festivales, ferias y mercados m\u00e1s importantes del sector,&#8230;<\/p>\n","protected":false},"author":16,"featured_media":52537,"comment_status":"closed","ping_status":"closed","sticky":false,"template":"","format":"standard","meta":{"_acf_changed":false,"footnotes":""},"categories":[1],"tags":[],"class_list":{"0":"post-52535","1":"post","2":"type-post","3":"status-publish","4":"format-standard","5":"has-post-thumbnail","7":"category-noticias"},"acf":[],"yoast_head":"<!-- This site is optimized with the Yoast SEO plugin v23.7 - https:\/\/yoast.com\/wordpress\/plugins\/seo\/ -->\n<title>Abierta la convocatoria para las Ayudas Generazinema 2026 y Navarra Shortzinema 2026 - NFI<\/title>\n<meta name=\"description\" content=\"La Secci\u00f3n de Proyectos Audiovisuales y Digitales de la Direcci\u00f3n General de Cultura abre la convocatoria para las Ayudas Generazinema y Navarra Shortzinema\" \/>\n<meta name=\"robots\" content=\"index, follow, max-snippet:-1, max-image-preview:large, max-video-preview:-1\" \/>\n<link rel=\"canonical\" href=\"https:\/\/www.navarrafilmindustry.com\/es\/convocatoria-ayudas-generazinema-navarra-shortzinema\/\" \/>\n<meta property=\"og:locale\" content=\"es_ES\" \/>\n<meta property=\"og:type\" content=\"article\" \/>\n<meta property=\"og:title\" content=\"Abierta la convocatoria para las Ayudas Generazinema 2026 y Navarra Shortzinema 2026 - NFI\" \/>\n<meta property=\"og:description\" content=\"La Secci\u00f3n de Proyectos Audiovisuales y Digitales de la Direcci\u00f3n General de Cultura abre la convocatoria para las Ayudas Generazinema y Navarra Shortzinema\" \/>\n<meta property=\"og:url\" content=\"https:\/\/www.navarrafilmindustry.com\/es\/convocatoria-ayudas-generazinema-navarra-shortzinema\/\" \/>\n<meta property=\"og:site_name\" content=\"NFI\" \/>\n<meta property=\"article:published_time\" content=\"2026-04-07T11:29:15+00:00\" \/>\n<meta property=\"og:image\" content=\"https:\/\/www.navarrafilmindustry.com\/wp-content\/uploads\/2026\/04\/Diseno-sin-titulo.jpg\" \/>\n\t<meta property=\"og:image:width\" content=\"1920\" \/>\n\t<meta property=\"og:image:height\" content=\"1080\" \/>\n\t<meta property=\"og:image:type\" content=\"image\/jpeg\" \/>\n<meta name=\"author\" content=\"Olatz Pison\" \/>\n<meta name=\"twitter:card\" content=\"summary_large_image\" \/>\n<meta name=\"twitter:label1\" content=\"Escrito por\" \/>\n\t<meta name=\"twitter:data1\" content=\"Olatz Pison\" \/>\n\t<meta name=\"twitter:label2\" content=\"Tiempo de lectura\" \/>\n\t<meta name=\"twitter:data2\" content=\"2 minutos\" \/>\n<script type=\"application\/ld+json\" class=\"yoast-schema-graph\">{\"@context\":\"https:\/\/schema.org\",\"@graph\":[{\"@type\":\"WebPage\",\"@id\":\"https:\/\/www.navarrafilmindustry.com\/es\/convocatoria-ayudas-generazinema-navarra-shortzinema\/\",\"url\":\"https:\/\/www.navarrafilmindustry.com\/es\/convocatoria-ayudas-generazinema-navarra-shortzinema\/\",\"name\":\"Abierta la convocatoria para las Ayudas Generazinema 2026 y Navarra Shortzinema 2026 - NFI\",\"isPartOf\":{\"@id\":\"https:\/\/www.navarrafilmindustry.com\/eu\/#website\"},\"primaryImageOfPage\":{\"@id\":\"https:\/\/www.navarrafilmindustry.com\/es\/convocatoria-ayudas-generazinema-navarra-shortzinema\/#primaryimage\"},\"image\":{\"@id\":\"https:\/\/www.navarrafilmindustry.com\/es\/convocatoria-ayudas-generazinema-navarra-shortzinema\/#primaryimage\"},\"thumbnailUrl\":\"https:\/\/www.navarrafilmindustry.com\/wp-content\/uploads\/2026\/04\/Diseno-sin-titulo.jpg\",\"datePublished\":\"2026-04-07T11:29:15+00:00\",\"dateModified\":\"2026-04-07T11:29:15+00:00\",\"author\":{\"@id\":\"https:\/\/www.navarrafilmindustry.com\/eu\/#\/schema\/person\/4bd85390616a3852c783f4a00a6359f9\"},\"description\":\"La Secci\u00f3n de Proyectos Audiovisuales y Digitales de la Direcci\u00f3n General de Cultura abre la convocatoria para las Ayudas Generazinema y Navarra Shortzinema\",\"breadcrumb\":{\"@id\":\"https:\/\/www.navarrafilmindustry.com\/es\/convocatoria-ayudas-generazinema-navarra-shortzinema\/#breadcrumb\"},\"inLanguage\":\"es\",\"potentialAction\":[{\"@type\":\"ReadAction\",\"target\":[\"https:\/\/www.navarrafilmindustry.com\/es\/convocatoria-ayudas-generazinema-navarra-shortzinema\/\"]}]},{\"@type\":\"ImageObject\",\"inLanguage\":\"es\",\"@id\":\"https:\/\/www.navarrafilmindustry.com\/es\/convocatoria-ayudas-generazinema-navarra-shortzinema\/#primaryimage\",\"url\":\"https:\/\/www.navarrafilmindustry.com\/wp-content\/uploads\/2026\/04\/Diseno-sin-titulo.jpg\",\"contentUrl\":\"https:\/\/www.navarrafilmindustry.com\/wp-content\/uploads\/2026\/04\/Diseno-sin-titulo.jpg\",\"width\":1920,\"height\":1080},{\"@type\":\"BreadcrumbList\",\"@id\":\"https:\/\/www.navarrafilmindustry.com\/es\/convocatoria-ayudas-generazinema-navarra-shortzinema\/#breadcrumb\",\"itemListElement\":[{\"@type\":\"ListItem\",\"position\":1,\"name\":\"Portada\",\"item\":\"https:\/\/www.navarrafilmindustry.com\/es\/\"},{\"@type\":\"ListItem\",\"position\":2,\"name\":\"Abierta la convocatoria para las Ayudas Generazinema 2026 y Navarra Shortzinema 2026\"}]},{\"@type\":\"WebSite\",\"@id\":\"https:\/\/www.navarrafilmindustry.com\/eu\/#website\",\"url\":\"https:\/\/www.navarrafilmindustry.com\/eu\/\",\"name\":\"NFI\",\"description\":\"\",\"potentialAction\":[{\"@type\":\"SearchAction\",\"target\":{\"@type\":\"EntryPoint\",\"urlTemplate\":\"https:\/\/www.navarrafilmindustry.com\/eu\/?s={search_term_string}\"},\"query-input\":{\"@type\":\"PropertyValueSpecification\",\"valueRequired\":true,\"valueName\":\"search_term_string\"}}],\"inLanguage\":\"es\"},{\"@type\":\"Person\",\"@id\":\"https:\/\/www.navarrafilmindustry.com\/eu\/#\/schema\/person\/4bd85390616a3852c783f4a00a6359f9\",\"name\":\"Olatz Pison\",\"image\":{\"@type\":\"ImageObject\",\"inLanguage\":\"es\",\"@id\":\"https:\/\/www.navarrafilmindustry.com\/eu\/#\/schema\/person\/image\/\",\"url\":\"https:\/\/secure.gravatar.com\/avatar\/ac7321b78a943fc33396443d10bb59f1?s=96&d=mm&r=g\",\"contentUrl\":\"https:\/\/secure.gravatar.com\/avatar\/ac7321b78a943fc33396443d10bb59f1?s=96&d=mm&r=g\",\"caption\":\"Olatz Pison\"},\"url\":\"https:\/\/www.navarrafilmindustry.com\/es\/author\/olatz\/\"}]}<\/script>\n<!-- \/ Yoast SEO plugin. -->","yoast_head_json":{"title":"Abierta la convocatoria para las Ayudas Generazinema 2026 y Navarra Shortzinema 2026 - NFI","description":"La Secci\u00f3n de Proyectos Audiovisuales y Digitales de la Direcci\u00f3n General de Cultura abre la convocatoria para las Ayudas Generazinema y Navarra Shortzinema","robots":{"index":"index","follow":"follow","max-snippet":"max-snippet:-1","max-image-preview":"max-image-preview:large","max-video-preview":"max-video-preview:-1"},"canonical":"https:\/\/www.navarrafilmindustry.com\/es\/convocatoria-ayudas-generazinema-navarra-shortzinema\/","og_locale":"es_ES","og_type":"article","og_title":"Abierta la convocatoria para las Ayudas Generazinema 2026 y Navarra Shortzinema 2026 - NFI","og_description":"La Secci\u00f3n de Proyectos Audiovisuales y Digitales de la Direcci\u00f3n General de Cultura abre la convocatoria para las Ayudas Generazinema y Navarra Shortzinema","og_url":"https:\/\/www.navarrafilmindustry.com\/es\/convocatoria-ayudas-generazinema-navarra-shortzinema\/","og_site_name":"NFI","article_published_time":"2026-04-07T11:29:15+00:00","og_image":[{"width":1920,"height":1080,"url":"https:\/\/www.navarrafilmindustry.com\/wp-content\/uploads\/2026\/04\/Diseno-sin-titulo.jpg","type":"image\/jpeg"}],"author":"Olatz Pison","twitter_card":"summary_large_image","twitter_misc":{"Escrito por":"Olatz Pison","Tiempo de lectura":"2 minutos"},"schema":{"@context":"https:\/\/schema.org","@graph":[{"@type":"WebPage","@id":"https:\/\/www.navarrafilmindustry.com\/es\/convocatoria-ayudas-generazinema-navarra-shortzinema\/","url":"https:\/\/www.navarrafilmindustry.com\/es\/convocatoria-ayudas-generazinema-navarra-shortzinema\/","name":"Abierta la convocatoria para las Ayudas Generazinema 2026 y Navarra Shortzinema 2026 - NFI","isPartOf":{"@id":"https:\/\/www.navarrafilmindustry.com\/eu\/#website"},"primaryImageOfPage":{"@id":"https:\/\/www.navarrafilmindustry.com\/es\/convocatoria-ayudas-generazinema-navarra-shortzinema\/#primaryimage"},"image":{"@id":"https:\/\/www.navarrafilmindustry.com\/es\/convocatoria-ayudas-generazinema-navarra-shortzinema\/#primaryimage"},"thumbnailUrl":"https:\/\/www.navarrafilmindustry.com\/wp-content\/uploads\/2026\/04\/Diseno-sin-titulo.jpg","datePublished":"2026-04-07T11:29:15+00:00","dateModified":"2026-04-07T11:29:15+00:00","author":{"@id":"https:\/\/www.navarrafilmindustry.com\/eu\/#\/schema\/person\/4bd85390616a3852c783f4a00a6359f9"},"description":"La Secci\u00f3n de Proyectos Audiovisuales y Digitales de la Direcci\u00f3n General de Cultura abre la convocatoria para las Ayudas Generazinema y Navarra Shortzinema","breadcrumb":{"@id":"https:\/\/www.navarrafilmindustry.com\/es\/convocatoria-ayudas-generazinema-navarra-shortzinema\/#breadcrumb"},"inLanguage":"es","potentialAction":[{"@type":"ReadAction","target":["https:\/\/www.navarrafilmindustry.com\/es\/convocatoria-ayudas-generazinema-navarra-shortzinema\/"]}]},{"@type":"ImageObject","inLanguage":"es","@id":"https:\/\/www.navarrafilmindustry.com\/es\/convocatoria-ayudas-generazinema-navarra-shortzinema\/#primaryimage","url":"https:\/\/www.navarrafilmindustry.com\/wp-content\/uploads\/2026\/04\/Diseno-sin-titulo.jpg","contentUrl":"https:\/\/www.navarrafilmindustry.com\/wp-content\/uploads\/2026\/04\/Diseno-sin-titulo.jpg","width":1920,"height":1080},{"@type":"BreadcrumbList","@id":"https:\/\/www.navarrafilmindustry.com\/es\/convocatoria-ayudas-generazinema-navarra-shortzinema\/#breadcrumb","itemListElement":[{"@type":"ListItem","position":1,"name":"Portada","item":"https:\/\/www.navarrafilmindustry.com\/es\/"},{"@type":"ListItem","position":2,"name":"Abierta la convocatoria para las Ayudas Generazinema 2026 y Navarra Shortzinema 2026"}]},{"@type":"WebSite","@id":"https:\/\/www.navarrafilmindustry.com\/eu\/#website","url":"https:\/\/www.navarrafilmindustry.com\/eu\/","name":"NFI","description":"","potentialAction":[{"@type":"SearchAction","target":{"@type":"EntryPoint","urlTemplate":"https:\/\/www.navarrafilmindustry.com\/eu\/?s={search_term_string}"},"query-input":{"@type":"PropertyValueSpecification","valueRequired":true,"valueName":"search_term_string"}}],"inLanguage":"es"},{"@type":"Person","@id":"https:\/\/www.navarrafilmindustry.com\/eu\/#\/schema\/person\/4bd85390616a3852c783f4a00a6359f9","name":"Olatz Pison","image":{"@type":"ImageObject","inLanguage":"es","@id":"https:\/\/www.navarrafilmindustry.com\/eu\/#\/schema\/person\/image\/","url":"https:\/\/secure.gravatar.com\/avatar\/ac7321b78a943fc33396443d10bb59f1?s=96&d=mm&r=g","contentUrl":"https:\/\/secure.gravatar.com\/avatar\/ac7321b78a943fc33396443d10bb59f1?s=96&d=mm&r=g","caption":"Olatz Pison"},"url":"https:\/\/www.navarrafilmindustry.com\/es\/author\/olatz\/"}]}},"_links":{"self":[{"href":"https:\/\/www.navarrafilmindustry.com\/es\/wp-json\/wp\/v2\/posts\/52535"}],"collection":[{"href":"https:\/\/www.navarrafilmindustry.com\/es\/wp-json\/wp\/v2\/posts"}],"about":[{"href":"https:\/\/www.navarrafilmindustry.com\/es\/wp-json\/wp\/v2\/types\/post"}],"author":[{"embeddable":true,"href":"https:\/\/www.navarrafilmindustry.com\/es\/wp-json\/wp\/v2\/users\/16"}],"replies":[{"embeddable":true,"href":"https:\/\/www.navarrafilmindustry.com\/es\/wp-json\/wp\/v2\/comments?post=52535"}],"version-history":[{"count":2,"href":"https:\/\/www.navarrafilmindustry.com\/es\/wp-json\/wp\/v2\/posts\/52535\/revisions"}],"predecessor-version":[{"id":52540,"href":"https:\/\/www.navarrafilmindustry.com\/es\/wp-json\/wp\/v2\/posts\/52535\/revisions\/52540"}],"wp:featuredmedia":[{"embeddable":true,"href":"https:\/\/www.navarrafilmindustry.com\/es\/wp-json\/wp\/v2\/media\/52537"}],"wp:attachment":[{"href":"https:\/\/www.navarrafilmindustry.com\/es\/wp-json\/wp\/v2\/media?parent=52535"}],"wp:term":[{"taxonomy":"category","embeddable":true,"href":"https:\/\/www.navarrafilmindustry.com\/es\/wp-json\/wp\/v2\/categories?post=52535"},{"taxonomy":"post_tag","embeddable":true,"href":"https:\/\/www.navarrafilmindustry.com\/es\/wp-json\/wp\/v2\/tags?post=52535"}],"curies":[{"name":"wp","href":"https:\/\/api.w.org\/{rel}","templated":true}]}}