{"id":11845,"date":"2021-09-19T17:00:29","date_gmt":"2021-09-19T17:00:29","guid":{"rendered":"http:\/\/nfc.plannertest.com\/fan-el-festival-de-anime-de-navarra-ha-contado-con-21-proyecciones\/"},"modified":"2021-09-19T17:00:29","modified_gmt":"2021-09-19T17:00:29","slug":"fan-el-festival-de-anime-de-navarra-ha-contado-con-21-proyecciones","status":"publish","type":"post","link":"https:\/\/www.navarrafilmindustry.com\/es\/fan-el-festival-de-anime-de-navarra-ha-contado-con-21-proyecciones\/","title":{"rendered":"FAN, el Festival de Anime de Navarra ha contado con 21 proyecciones y 2500 asistentes"},"content":{"rendered":"[vc_row][vc_column][vc_column_text]El Festival de Anime de Navarra (FAN), celebrado entre el 3 y el 5 de septiembre en el planetario de Pamplona y en los Cines Golem, ha contado con 21 proyecciones, entre pel\u00edculas y series.<\/p>\n<p>Un total de 21 proyecciones y 19 actividades donde han asistido en torno a 2500 personas.<\/p>\n<p>Destacan 8 presentaciones de pel\u00edculas con entregas de productos japoneses, 6 conferencias impartidas en el Planetario de Pamplona, una proyecci\u00f3n especial bajo la c\u00fapula del Planetario con im\u00e1genes del cielo de Jap\u00f3n y una conferencia explicativa.<\/p>\n<p>Adem\u00e1s de las actividades desarrolladas, ha habido una exhibici\u00f3n de \u00abkendo\u00bb, un montaje de un \u00e1rbol de los deseos en el jard\u00edn de la galaxia frente a Planetario, una realizaci\u00f3n de un grafiti sobre un personaje de anime y un \u00abShinrin Yoku\u00bb (ba\u00f1o de bosque) en los jardines de Yamaguchi.<\/p>\n<div dir=\"auto\"><\/div>\n[\/vc_column_text][vc_single_image image=\u00bb8141&#8243; img_size=\u00bbMEDIUM\u00bb alignment=\u00bbcenter\u00bb][\/vc_column][\/vc_row]\n","protected":false},"excerpt":{"rendered":"<p>[vc_row][vc_column][vc_column_text]El Festival de Anime de Navarra (FAN), celebrado entre el 3 y el 5 de septiembre en el planetario de Pamplona y en los Cines Golem, ha contado con 21 proyecciones, entre pel\u00edculas y series. Un total de 21 proyecciones y 19 actividades donde han asistido en torno a 2500 personas. Destacan 8 presentaciones de pel\u00edculas con entregas de productos japoneses, 6 conferencias impartidas en el Planetario de Pamplona, una proyecci\u00f3n especial bajo la c\u00fapula del Planetario con im\u00e1genes del cielo de Jap\u00f3n y una conferencia explicativa. Adem\u00e1s de las actividades desarrolladas, ha habido una exhibici\u00f3n de \u00abkendo\u00bb, un montaje de un \u00e1rbol de los deseos en el jard\u00edn de la galaxia frente a Planetario, una realizaci\u00f3n de un grafiti sobre un personaje de anime y un \u00abShinrin Yoku\u00bb (ba\u00f1o de bosque) en los jardines de Yamaguchi. [\/vc_column_text][vc_single_image image=\u00bb8141&#8243; img_size=\u00bbMEDIUM\u00bb alignment=\u00bbcenter\u00bb][\/vc_column][\/vc_row]<\/p>\n","protected":false},"author":1,"featured_media":433,"comment_status":"open","ping_status":"open","sticky":false,"template":"","format":"standard","meta":{"_acf_changed":false,"footnotes":""},"categories":[1],"tags":[],"class_list":{"0":"post-11845","1":"post","2":"type-post","3":"status-publish","4":"format-standard","5":"has-post-thumbnail","7":"category-noticias"},"acf":[],"yoast_head":"<!-- This site is optimized with the Yoast SEO plugin v23.7 - https:\/\/yoast.com\/wordpress\/plugins\/seo\/ -->\n<title>FAN, el Festival de Anime de Navarra ha contado con 21 proyecciones y 2500 asistentes - NFI<\/title>\n<meta name=\"robots\" content=\"index, follow, max-snippet:-1, max-image-preview:large, max-video-preview:-1\" \/>\n<link rel=\"canonical\" href=\"https:\/\/www.navarrafilmindustry.com\/eu\/fan-el-festival-de-anime-de-navarra-ha-contado-con-21-proyecciones\/\" \/>\n<meta property=\"og:locale\" content=\"es_ES\" \/>\n<meta property=\"og:type\" content=\"article\" \/>\n<meta property=\"og:title\" content=\"FAN, el Festival de Anime de Navarra ha contado con 21 proyecciones y 2500 asistentes - NFI\" \/>\n<meta property=\"og:description\" content=\"[vc_row][vc_column][vc_column_text]El Festival de Anime de Navarra (FAN), celebrado entre el 3 y el 5 de septiembre en el planetario de Pamplona y en los Cines Golem, ha contado con 21 proyecciones, entre pel\u00edculas y series. Un total de 21 proyecciones y 19 actividades donde han asistido en torno a 2500 personas. Destacan 8 presentaciones de pel\u00edculas con entregas de productos japoneses, 6 conferencias impartidas en el Planetario de Pamplona, una proyecci\u00f3n especial bajo la c\u00fapula del Planetario con im\u00e1genes del cielo de Jap\u00f3n y una conferencia explicativa. Adem\u00e1s de las actividades desarrolladas, ha habido una exhibici\u00f3n de \u00abkendo\u00bb, un montaje de un \u00e1rbol de los deseos en el jard\u00edn de la galaxia frente a Planetario, una realizaci\u00f3n de un grafiti sobre un personaje de anime y un \u00abShinrin Yoku\u00bb (ba\u00f1o de bosque) en los jardines de Yamaguchi. [\/vc_column_text][vc_single_image image=\u00bb8141&#8243; img_size=\u00bbMEDIUM\u00bb alignment=\u00bbcenter\u00bb][\/vc_column][\/vc_row]\" \/>\n<meta property=\"og:url\" content=\"https:\/\/www.navarrafilmindustry.com\/eu\/fan-el-festival-de-anime-de-navarra-ha-contado-con-21-proyecciones\/\" \/>\n<meta property=\"og:site_name\" content=\"NFI\" \/>\n<meta property=\"article:published_time\" content=\"2021-09-19T17:00:29+00:00\" \/>\n<meta property=\"og:image\" content=\"https:\/\/www.navarrafilmindustry.com\/wp-content\/uploads\/2022\/08\/planetario.jpg\" \/>\n\t<meta property=\"og:image:width\" content=\"800\" \/>\n\t<meta property=\"og:image:height\" content=\"530\" \/>\n\t<meta property=\"og:image:type\" content=\"image\/jpeg\" \/>\n<meta name=\"author\" content=\"admin\" \/>\n<meta name=\"twitter:card\" content=\"summary_large_image\" \/>\n<meta name=\"twitter:label1\" content=\"Escrito por\" \/>\n\t<meta name=\"twitter:data1\" content=\"admin\" \/>\n\t<meta name=\"twitter:label2\" content=\"Tiempo de lectura\" \/>\n\t<meta name=\"twitter:data2\" content=\"1 minuto\" \/>\n<script type=\"application\/ld+json\" class=\"yoast-schema-graph\">{\"@context\":\"https:\/\/schema.org\",\"@graph\":[{\"@type\":\"WebPage\",\"@id\":\"https:\/\/www.navarrafilmindustry.com\/eu\/fan-el-festival-de-anime-de-navarra-ha-contado-con-21-proyecciones\/\",\"url\":\"https:\/\/www.navarrafilmindustry.com\/eu\/fan-el-festival-de-anime-de-navarra-ha-contado-con-21-proyecciones\/\",\"name\":\"FAN, el Festival de Anime de Navarra ha contado con 21 proyecciones y 2500 asistentes - NFI\",\"isPartOf\":{\"@id\":\"https:\/\/www.navarrafilmindustry.com\/eu\/#website\"},\"primaryImageOfPage\":{\"@id\":\"https:\/\/www.navarrafilmindustry.com\/eu\/fan-el-festival-de-anime-de-navarra-ha-contado-con-21-proyecciones\/#primaryimage\"},\"image\":{\"@id\":\"https:\/\/www.navarrafilmindustry.com\/eu\/fan-el-festival-de-anime-de-navarra-ha-contado-con-21-proyecciones\/#primaryimage\"},\"thumbnailUrl\":\"https:\/\/www.navarrafilmindustry.com\/wp-content\/uploads\/2022\/08\/planetario.jpg\",\"datePublished\":\"2021-09-19T17:00:29+00:00\",\"dateModified\":\"2021-09-19T17:00:29+00:00\",\"author\":{\"@id\":\"https:\/\/www.navarrafilmindustry.com\/eu\/#\/schema\/person\/28828168eafaea0599fb6ac09706208e\"},\"breadcrumb\":{\"@id\":\"https:\/\/www.navarrafilmindustry.com\/eu\/fan-el-festival-de-anime-de-navarra-ha-contado-con-21-proyecciones\/#breadcrumb\"},\"inLanguage\":\"es\",\"potentialAction\":[{\"@type\":\"ReadAction\",\"target\":[\"https:\/\/www.navarrafilmindustry.com\/eu\/fan-el-festival-de-anime-de-navarra-ha-contado-con-21-proyecciones\/\"]}]},{\"@type\":\"ImageObject\",\"inLanguage\":\"es\",\"@id\":\"https:\/\/www.navarrafilmindustry.com\/eu\/fan-el-festival-de-anime-de-navarra-ha-contado-con-21-proyecciones\/#primaryimage\",\"url\":\"https:\/\/www.navarrafilmindustry.com\/wp-content\/uploads\/2022\/08\/planetario.jpg\",\"contentUrl\":\"https:\/\/www.navarrafilmindustry.com\/wp-content\/uploads\/2022\/08\/planetario.jpg\",\"width\":800,\"height\":530},{\"@type\":\"BreadcrumbList\",\"@id\":\"https:\/\/www.navarrafilmindustry.com\/eu\/fan-el-festival-de-anime-de-navarra-ha-contado-con-21-proyecciones\/#breadcrumb\",\"itemListElement\":[{\"@type\":\"ListItem\",\"position\":1,\"name\":\"Portada\",\"item\":\"https:\/\/www.navarrafilmindustry.com\/es\/\"},{\"@type\":\"ListItem\",\"position\":2,\"name\":\"FAN, el Festival de Anime de Navarra ha contado con 21 proyecciones y 2500 asistentes\"}]},{\"@type\":\"WebSite\",\"@id\":\"https:\/\/www.navarrafilmindustry.com\/eu\/#website\",\"url\":\"https:\/\/www.navarrafilmindustry.com\/eu\/\",\"name\":\"NFI\",\"description\":\"\",\"potentialAction\":[{\"@type\":\"SearchAction\",\"target\":{\"@type\":\"EntryPoint\",\"urlTemplate\":\"https:\/\/www.navarrafilmindustry.com\/eu\/?s={search_term_string}\"},\"query-input\":{\"@type\":\"PropertyValueSpecification\",\"valueRequired\":true,\"valueName\":\"search_term_string\"}}],\"inLanguage\":\"es\"},{\"@type\":\"Person\",\"@id\":\"https:\/\/www.navarrafilmindustry.com\/eu\/#\/schema\/person\/28828168eafaea0599fb6ac09706208e\",\"name\":\"admin\",\"image\":{\"@type\":\"ImageObject\",\"inLanguage\":\"es\",\"@id\":\"https:\/\/www.navarrafilmindustry.com\/eu\/#\/schema\/person\/image\/\",\"url\":\"https:\/\/secure.gravatar.com\/avatar\/a4f5b7c164fdea771914ae0274620e3c?s=96&d=mm&r=g\",\"contentUrl\":\"https:\/\/secure.gravatar.com\/avatar\/a4f5b7c164fdea771914ae0274620e3c?s=96&d=mm&r=g\",\"caption\":\"admin\"},\"sameAs\":[\"https:\/\/www.navarrafilmindustry.com\"],\"url\":\"https:\/\/www.navarrafilmindustry.com\/es\/author\/admin\/\"}]}<\/script>\n<!-- \/ Yoast SEO plugin. -->","yoast_head_json":{"title":"FAN, el Festival de Anime de Navarra ha contado con 21 proyecciones y 2500 asistentes - NFI","robots":{"index":"index","follow":"follow","max-snippet":"max-snippet:-1","max-image-preview":"max-image-preview:large","max-video-preview":"max-video-preview:-1"},"canonical":"https:\/\/www.navarrafilmindustry.com\/eu\/fan-el-festival-de-anime-de-navarra-ha-contado-con-21-proyecciones\/","og_locale":"es_ES","og_type":"article","og_title":"FAN, el Festival de Anime de Navarra ha contado con 21 proyecciones y 2500 asistentes - NFI","og_description":"[vc_row][vc_column][vc_column_text]El Festival de Anime de Navarra (FAN), celebrado entre el 3 y el 5 de septiembre en el planetario de Pamplona y en los Cines Golem, ha contado con 21 proyecciones, entre pel\u00edculas y series. Un total de 21 proyecciones y 19 actividades donde han asistido en torno a 2500 personas. Destacan 8 presentaciones de pel\u00edculas con entregas de productos japoneses, 6 conferencias impartidas en el Planetario de Pamplona, una proyecci\u00f3n especial bajo la c\u00fapula del Planetario con im\u00e1genes del cielo de Jap\u00f3n y una conferencia explicativa. Adem\u00e1s de las actividades desarrolladas, ha habido una exhibici\u00f3n de \u00abkendo\u00bb, un montaje de un \u00e1rbol de los deseos en el jard\u00edn de la galaxia frente a Planetario, una realizaci\u00f3n de un grafiti sobre un personaje de anime y un \u00abShinrin Yoku\u00bb (ba\u00f1o de bosque) en los jardines de Yamaguchi. [\/vc_column_text][vc_single_image image=\u00bb8141&#8243; img_size=\u00bbMEDIUM\u00bb alignment=\u00bbcenter\u00bb][\/vc_column][\/vc_row]","og_url":"https:\/\/www.navarrafilmindustry.com\/eu\/fan-el-festival-de-anime-de-navarra-ha-contado-con-21-proyecciones\/","og_site_name":"NFI","article_published_time":"2021-09-19T17:00:29+00:00","og_image":[{"width":800,"height":530,"url":"https:\/\/www.navarrafilmindustry.com\/wp-content\/uploads\/2022\/08\/planetario.jpg","type":"image\/jpeg"}],"author":"admin","twitter_card":"summary_large_image","twitter_misc":{"Escrito por":"admin","Tiempo de lectura":"1 minuto"},"schema":{"@context":"https:\/\/schema.org","@graph":[{"@type":"WebPage","@id":"https:\/\/www.navarrafilmindustry.com\/eu\/fan-el-festival-de-anime-de-navarra-ha-contado-con-21-proyecciones\/","url":"https:\/\/www.navarrafilmindustry.com\/eu\/fan-el-festival-de-anime-de-navarra-ha-contado-con-21-proyecciones\/","name":"FAN, el Festival de Anime de Navarra ha contado con 21 proyecciones y 2500 asistentes - NFI","isPartOf":{"@id":"https:\/\/www.navarrafilmindustry.com\/eu\/#website"},"primaryImageOfPage":{"@id":"https:\/\/www.navarrafilmindustry.com\/eu\/fan-el-festival-de-anime-de-navarra-ha-contado-con-21-proyecciones\/#primaryimage"},"image":{"@id":"https:\/\/www.navarrafilmindustry.com\/eu\/fan-el-festival-de-anime-de-navarra-ha-contado-con-21-proyecciones\/#primaryimage"},"thumbnailUrl":"https:\/\/www.navarrafilmindustry.com\/wp-content\/uploads\/2022\/08\/planetario.jpg","datePublished":"2021-09-19T17:00:29+00:00","dateModified":"2021-09-19T17:00:29+00:00","author":{"@id":"https:\/\/www.navarrafilmindustry.com\/eu\/#\/schema\/person\/28828168eafaea0599fb6ac09706208e"},"breadcrumb":{"@id":"https:\/\/www.navarrafilmindustry.com\/eu\/fan-el-festival-de-anime-de-navarra-ha-contado-con-21-proyecciones\/#breadcrumb"},"inLanguage":"es","potentialAction":[{"@type":"ReadAction","target":["https:\/\/www.navarrafilmindustry.com\/eu\/fan-el-festival-de-anime-de-navarra-ha-contado-con-21-proyecciones\/"]}]},{"@type":"ImageObject","inLanguage":"es","@id":"https:\/\/www.navarrafilmindustry.com\/eu\/fan-el-festival-de-anime-de-navarra-ha-contado-con-21-proyecciones\/#primaryimage","url":"https:\/\/www.navarrafilmindustry.com\/wp-content\/uploads\/2022\/08\/planetario.jpg","contentUrl":"https:\/\/www.navarrafilmindustry.com\/wp-content\/uploads\/2022\/08\/planetario.jpg","width":800,"height":530},{"@type":"BreadcrumbList","@id":"https:\/\/www.navarrafilmindustry.com\/eu\/fan-el-festival-de-anime-de-navarra-ha-contado-con-21-proyecciones\/#breadcrumb","itemListElement":[{"@type":"ListItem","position":1,"name":"Portada","item":"https:\/\/www.navarrafilmindustry.com\/es\/"},{"@type":"ListItem","position":2,"name":"FAN, el Festival de Anime de Navarra ha contado con 21 proyecciones y 2500 asistentes"}]},{"@type":"WebSite","@id":"https:\/\/www.navarrafilmindustry.com\/eu\/#website","url":"https:\/\/www.navarrafilmindustry.com\/eu\/","name":"NFI","description":"","potentialAction":[{"@type":"SearchAction","target":{"@type":"EntryPoint","urlTemplate":"https:\/\/www.navarrafilmindustry.com\/eu\/?s={search_term_string}"},"query-input":{"@type":"PropertyValueSpecification","valueRequired":true,"valueName":"search_term_string"}}],"inLanguage":"es"},{"@type":"Person","@id":"https:\/\/www.navarrafilmindustry.com\/eu\/#\/schema\/person\/28828168eafaea0599fb6ac09706208e","name":"admin","image":{"@type":"ImageObject","inLanguage":"es","@id":"https:\/\/www.navarrafilmindustry.com\/eu\/#\/schema\/person\/image\/","url":"https:\/\/secure.gravatar.com\/avatar\/a4f5b7c164fdea771914ae0274620e3c?s=96&d=mm&r=g","contentUrl":"https:\/\/secure.gravatar.com\/avatar\/a4f5b7c164fdea771914ae0274620e3c?s=96&d=mm&r=g","caption":"admin"},"sameAs":["https:\/\/www.navarrafilmindustry.com"],"url":"https:\/\/www.navarrafilmindustry.com\/es\/author\/admin\/"}]}},"_links":{"self":[{"href":"https:\/\/www.navarrafilmindustry.com\/es\/wp-json\/wp\/v2\/posts\/11845"}],"collection":[{"href":"https:\/\/www.navarrafilmindustry.com\/es\/wp-json\/wp\/v2\/posts"}],"about":[{"href":"https:\/\/www.navarrafilmindustry.com\/es\/wp-json\/wp\/v2\/types\/post"}],"author":[{"embeddable":true,"href":"https:\/\/www.navarrafilmindustry.com\/es\/wp-json\/wp\/v2\/users\/1"}],"replies":[{"embeddable":true,"href":"https:\/\/www.navarrafilmindustry.com\/es\/wp-json\/wp\/v2\/comments?post=11845"}],"version-history":[{"count":0,"href":"https:\/\/www.navarrafilmindustry.com\/es\/wp-json\/wp\/v2\/posts\/11845\/revisions"}],"wp:featuredmedia":[{"embeddable":true,"href":"https:\/\/www.navarrafilmindustry.com\/es\/wp-json\/wp\/v2\/media\/433"}],"wp:attachment":[{"href":"https:\/\/www.navarrafilmindustry.com\/es\/wp-json\/wp\/v2\/media?parent=11845"}],"wp:term":[{"taxonomy":"category","embeddable":true,"href":"https:\/\/www.navarrafilmindustry.com\/es\/wp-json\/wp\/v2\/categories?post=11845"},{"taxonomy":"post_tag","embeddable":true,"href":"https:\/\/www.navarrafilmindustry.com\/es\/wp-json\/wp\/v2\/tags?post=11845"}],"curies":[{"name":"wp","href":"https:\/\/api.w.org\/{rel}","templated":true}]}}