{"id":11816,"date":"2021-08-27T10:05:18","date_gmt":"2021-08-27T10:05:18","guid":{"rendered":"http:\/\/nfc.plannertest.com\/110-000-espectadores-han-visto-la-pelicula-de-animacion-navarra-dartacan-y-los-tres-mosqueperros\/"},"modified":"2021-08-27T10:05:18","modified_gmt":"2021-08-27T10:05:18","slug":"110-000-espectadores-han-visto-la-pelicula-de-animacion-navarra-dartacan-y-los-tres-mosqueperros","status":"publish","type":"post","link":"https:\/\/www.navarrafilmindustry.com\/es\/110-000-espectadores-han-visto-la-pelicula-de-animacion-navarra-dartacan-y-los-tres-mosqueperros\/","title":{"rendered":"110.000 espectadores han visto la pel\u00edcula de animaci\u00f3n navarra D\u00b4ARTACAN Y LOS TRES MOSQUEPERROS"},"content":{"rendered":"[vc_row][vc_column][vc_column_text]\n<div>110.000 espectadores han visto la pel\u00edcula de animaci\u00f3n navarra \u00abD\u00b4Artacan y los Tres Mosqueperros\u00bb, con una recaudaci\u00f3n de 600.000 euros.<\/div>\n<div>Inspirada en la novela m\u00e1s famosa de Alejandro Dumas, esta producci\u00f3n de Apolo Films, y distribuida \u00edntegramente por A Contracorriente Films, cuenta con la participaci\u00f3n de RTVE y ya tiene cerrada su distribuci\u00f3n en m\u00e1s de 45 pa\u00edses. En Francia se estren\u00f3 el pasado mi\u00e9rcoles y se espera su estreno en septiembre en EEUU y en Rusia.<\/div>\n<div><\/div>\n<div>La cinta se sit\u00faa en la novena posici\u00f3n en Reino Unido, TOP 1 en Portugal y en sexto lugar en la taquilla nacional.<\/div>\n<div>\n<p>Realizada \u00edntegramente en Navarra, retoma la esencia de una de las series de animaci\u00f3n m\u00e1s populares de los a\u00f1os 80. En esta ocasi\u00f3n, Navarra no es el primer escenario que acoge la proyecci\u00f3n, puesto que previamente ha conquistado lugares como el Reino Unido o Portugal. Pamplona fue la ciudad elegida para el estreno espa\u00f1ol el pasado 18 de agosto, tras haberse programado en el Navarra International Film Festival.<\/p>\n<\/div>\n[\/vc_column_text][vc_empty_space][vc_separator][vc_single_image image=\u00bb7898&#8243; img_size=\u00bbmedium\u00bb alignment=\u00bbcenter\u00bb][vc_separator][\/vc_column][\/vc_row]\n","protected":false},"excerpt":{"rendered":"<p>[vc_row][vc_column][vc_column_text] 110.000 espectadores han visto la pel\u00edcula de animaci\u00f3n navarra \u00abD\u00b4Artacan y los Tres Mosqueperros\u00bb, con una recaudaci\u00f3n de 600.000 euros. Inspirada en la novela m\u00e1s famosa de Alejandro Dumas, esta producci\u00f3n de Apolo Films, y distribuida \u00edntegramente por A Contracorriente Films, cuenta con la participaci\u00f3n de RTVE y ya tiene cerrada su distribuci\u00f3n en m\u00e1s de 45 pa\u00edses. En Francia se estren\u00f3 el pasado mi\u00e9rcoles y se espera su estreno en septiembre en EEUU y en Rusia. La cinta se sit\u00faa en la novena posici\u00f3n en Reino Unido, TOP 1 en Portugal y en sexto lugar en la taquilla nacional. Realizada \u00edntegramente en Navarra, retoma la esencia de una de las series de animaci\u00f3n m\u00e1s populares de los a\u00f1os 80. En esta ocasi\u00f3n, Navarra no es el primer escenario que acoge la proyecci\u00f3n, puesto que previamente ha conquistado lugares como el Reino Unido o Portugal. Pamplona fue la ciudad elegida para el estreno espa\u00f1ol el pasado 18 de agosto, tras haberse programado en el Navarra International Film Festival. [\/vc_column_text][vc_empty_space][vc_separator][vc_single_image image=\u00bb7898&#8243; img_size=\u00bbmedium\u00bb alignment=\u00bbcenter\u00bb][vc_separator][\/vc_column][\/vc_row]<\/p>\n","protected":false},"author":1,"featured_media":11817,"comment_status":"open","ping_status":"open","sticky":false,"template":"","format":"standard","meta":{"_acf_changed":false,"footnotes":""},"categories":[1],"tags":[],"class_list":{"0":"post-11816","1":"post","2":"type-post","3":"status-publish","4":"format-standard","5":"has-post-thumbnail","7":"category-noticias"},"acf":[],"yoast_head":"<!-- This site is optimized with the Yoast SEO plugin v23.7 - https:\/\/yoast.com\/wordpress\/plugins\/seo\/ -->\n<title>110.000 espectadores han visto la pel\u00edcula de animaci\u00f3n navarra D\u00b4ARTACAN Y LOS TRES MOSQUEPERROS - NFI<\/title>\n<meta name=\"robots\" content=\"index, follow, max-snippet:-1, max-image-preview:large, max-video-preview:-1\" \/>\n<link rel=\"canonical\" href=\"https:\/\/www.navarrafilmindustry.com\/es\/110-000-espectadores-han-visto-la-pelicula-de-animacion-navarra-dartacan-y-los-tres-mosqueperros\/\" \/>\n<meta property=\"og:locale\" content=\"es_ES\" \/>\n<meta property=\"og:type\" content=\"article\" \/>\n<meta property=\"og:title\" content=\"110.000 espectadores han visto la pel\u00edcula de animaci\u00f3n navarra D\u00b4ARTACAN Y LOS TRES MOSQUEPERROS - NFI\" \/>\n<meta property=\"og:description\" content=\"[vc_row][vc_column][vc_column_text] 110.000 espectadores han visto la pel\u00edcula de animaci\u00f3n navarra \u00abD\u00b4Artacan y los Tres Mosqueperros\u00bb, con una recaudaci\u00f3n de 600.000 euros. Inspirada en la novela m\u00e1s famosa de Alejandro Dumas, esta producci\u00f3n de Apolo Films, y distribuida \u00edntegramente por A Contracorriente Films, cuenta con la participaci\u00f3n de RTVE y ya tiene cerrada su distribuci\u00f3n en m\u00e1s de 45 pa\u00edses. En Francia se estren\u00f3 el pasado mi\u00e9rcoles y se espera su estreno en septiembre en EEUU y en Rusia. La cinta se sit\u00faa en la novena posici\u00f3n en Reino Unido, TOP 1 en Portugal y en sexto lugar en la taquilla nacional. Realizada \u00edntegramente en Navarra, retoma la esencia de una de las series de animaci\u00f3n m\u00e1s populares de los a\u00f1os 80. En esta ocasi\u00f3n, Navarra no es el primer escenario que acoge la proyecci\u00f3n, puesto que previamente ha conquistado lugares como el Reino Unido o Portugal. Pamplona fue la ciudad elegida para el estreno espa\u00f1ol el pasado 18 de agosto, tras haberse programado en el Navarra International Film Festival. [\/vc_column_text][vc_empty_space][vc_separator][vc_single_image image=\u00bb7898&#8243; img_size=\u00bbmedium\u00bb alignment=\u00bbcenter\u00bb][vc_separator][\/vc_column][\/vc_row]\" \/>\n<meta property=\"og:url\" content=\"https:\/\/www.navarrafilmindustry.com\/es\/110-000-espectadores-han-visto-la-pelicula-de-animacion-navarra-dartacan-y-los-tres-mosqueperros\/\" \/>\n<meta property=\"og:site_name\" content=\"NFI\" \/>\n<meta property=\"article:published_time\" content=\"2021-08-27T10:05:18+00:00\" \/>\n<meta property=\"og:image\" content=\"https:\/\/www.navarrafilmindustry.com\/wp-content\/uploads\/2022\/09\/dartacan-2-2-e1630059020446.jpg\" \/>\n\t<meta property=\"og:image:width\" content=\"1000\" \/>\n\t<meta property=\"og:image:height\" content=\"633\" \/>\n\t<meta property=\"og:image:type\" content=\"image\/jpeg\" \/>\n<meta name=\"author\" content=\"admin\" \/>\n<meta name=\"twitter:card\" content=\"summary_large_image\" \/>\n<meta name=\"twitter:label1\" content=\"Escrito por\" \/>\n\t<meta name=\"twitter:data1\" content=\"admin\" \/>\n\t<meta name=\"twitter:label2\" content=\"Tiempo de lectura\" \/>\n\t<meta name=\"twitter:data2\" content=\"1 minuto\" \/>\n<script type=\"application\/ld+json\" class=\"yoast-schema-graph\">{\"@context\":\"https:\/\/schema.org\",\"@graph\":[{\"@type\":\"WebPage\",\"@id\":\"https:\/\/www.navarrafilmindustry.com\/es\/110-000-espectadores-han-visto-la-pelicula-de-animacion-navarra-dartacan-y-los-tres-mosqueperros\/\",\"url\":\"https:\/\/www.navarrafilmindustry.com\/es\/110-000-espectadores-han-visto-la-pelicula-de-animacion-navarra-dartacan-y-los-tres-mosqueperros\/\",\"name\":\"110.000 espectadores han visto la pel\u00edcula de animaci\u00f3n navarra D\u00b4ARTACAN Y LOS TRES MOSQUEPERROS - NFI\",\"isPartOf\":{\"@id\":\"https:\/\/www.navarrafilmindustry.com\/eu\/#website\"},\"primaryImageOfPage\":{\"@id\":\"https:\/\/www.navarrafilmindustry.com\/es\/110-000-espectadores-han-visto-la-pelicula-de-animacion-navarra-dartacan-y-los-tres-mosqueperros\/#primaryimage\"},\"image\":{\"@id\":\"https:\/\/www.navarrafilmindustry.com\/es\/110-000-espectadores-han-visto-la-pelicula-de-animacion-navarra-dartacan-y-los-tres-mosqueperros\/#primaryimage\"},\"thumbnailUrl\":\"https:\/\/www.navarrafilmindustry.com\/wp-content\/uploads\/2022\/09\/dartacan-2-2-e1630059020446.jpg\",\"datePublished\":\"2021-08-27T10:05:18+00:00\",\"dateModified\":\"2021-08-27T10:05:18+00:00\",\"author\":{\"@id\":\"https:\/\/www.navarrafilmindustry.com\/eu\/#\/schema\/person\/28828168eafaea0599fb6ac09706208e\"},\"breadcrumb\":{\"@id\":\"https:\/\/www.navarrafilmindustry.com\/es\/110-000-espectadores-han-visto-la-pelicula-de-animacion-navarra-dartacan-y-los-tres-mosqueperros\/#breadcrumb\"},\"inLanguage\":\"es\",\"potentialAction\":[{\"@type\":\"ReadAction\",\"target\":[\"https:\/\/www.navarrafilmindustry.com\/es\/110-000-espectadores-han-visto-la-pelicula-de-animacion-navarra-dartacan-y-los-tres-mosqueperros\/\"]}]},{\"@type\":\"ImageObject\",\"inLanguage\":\"es\",\"@id\":\"https:\/\/www.navarrafilmindustry.com\/es\/110-000-espectadores-han-visto-la-pelicula-de-animacion-navarra-dartacan-y-los-tres-mosqueperros\/#primaryimage\",\"url\":\"https:\/\/www.navarrafilmindustry.com\/wp-content\/uploads\/2022\/09\/dartacan-2-2-e1630059020446.jpg\",\"contentUrl\":\"https:\/\/www.navarrafilmindustry.com\/wp-content\/uploads\/2022\/09\/dartacan-2-2-e1630059020446.jpg\",\"width\":1000,\"height\":633},{\"@type\":\"BreadcrumbList\",\"@id\":\"https:\/\/www.navarrafilmindustry.com\/es\/110-000-espectadores-han-visto-la-pelicula-de-animacion-navarra-dartacan-y-los-tres-mosqueperros\/#breadcrumb\",\"itemListElement\":[{\"@type\":\"ListItem\",\"position\":1,\"name\":\"Portada\",\"item\":\"https:\/\/www.navarrafilmindustry.com\/es\/\"},{\"@type\":\"ListItem\",\"position\":2,\"name\":\"110.000 espectadores han visto la pel\u00edcula de animaci\u00f3n navarra D\u00b4ARTACAN Y LOS TRES MOSQUEPERROS\"}]},{\"@type\":\"WebSite\",\"@id\":\"https:\/\/www.navarrafilmindustry.com\/eu\/#website\",\"url\":\"https:\/\/www.navarrafilmindustry.com\/eu\/\",\"name\":\"NFI\",\"description\":\"\",\"potentialAction\":[{\"@type\":\"SearchAction\",\"target\":{\"@type\":\"EntryPoint\",\"urlTemplate\":\"https:\/\/www.navarrafilmindustry.com\/eu\/?s={search_term_string}\"},\"query-input\":{\"@type\":\"PropertyValueSpecification\",\"valueRequired\":true,\"valueName\":\"search_term_string\"}}],\"inLanguage\":\"es\"},{\"@type\":\"Person\",\"@id\":\"https:\/\/www.navarrafilmindustry.com\/eu\/#\/schema\/person\/28828168eafaea0599fb6ac09706208e\",\"name\":\"admin\",\"image\":{\"@type\":\"ImageObject\",\"inLanguage\":\"es\",\"@id\":\"https:\/\/www.navarrafilmindustry.com\/eu\/#\/schema\/person\/image\/\",\"url\":\"https:\/\/secure.gravatar.com\/avatar\/a4f5b7c164fdea771914ae0274620e3c?s=96&d=mm&r=g\",\"contentUrl\":\"https:\/\/secure.gravatar.com\/avatar\/a4f5b7c164fdea771914ae0274620e3c?s=96&d=mm&r=g\",\"caption\":\"admin\"},\"sameAs\":[\"https:\/\/www.navarrafilmindustry.com\"],\"url\":\"https:\/\/www.navarrafilmindustry.com\/es\/author\/admin\/\"}]}<\/script>\n<!-- \/ Yoast SEO plugin. -->","yoast_head_json":{"title":"110.000 espectadores han visto la pel\u00edcula de animaci\u00f3n navarra D\u00b4ARTACAN Y LOS TRES MOSQUEPERROS - NFI","robots":{"index":"index","follow":"follow","max-snippet":"max-snippet:-1","max-image-preview":"max-image-preview:large","max-video-preview":"max-video-preview:-1"},"canonical":"https:\/\/www.navarrafilmindustry.com\/es\/110-000-espectadores-han-visto-la-pelicula-de-animacion-navarra-dartacan-y-los-tres-mosqueperros\/","og_locale":"es_ES","og_type":"article","og_title":"110.000 espectadores han visto la pel\u00edcula de animaci\u00f3n navarra D\u00b4ARTACAN Y LOS TRES MOSQUEPERROS - NFI","og_description":"[vc_row][vc_column][vc_column_text] 110.000 espectadores han visto la pel\u00edcula de animaci\u00f3n navarra \u00abD\u00b4Artacan y los Tres Mosqueperros\u00bb, con una recaudaci\u00f3n de 600.000 euros. Inspirada en la novela m\u00e1s famosa de Alejandro Dumas, esta producci\u00f3n de Apolo Films, y distribuida \u00edntegramente por A Contracorriente Films, cuenta con la participaci\u00f3n de RTVE y ya tiene cerrada su distribuci\u00f3n en m\u00e1s de 45 pa\u00edses. En Francia se estren\u00f3 el pasado mi\u00e9rcoles y se espera su estreno en septiembre en EEUU y en Rusia. La cinta se sit\u00faa en la novena posici\u00f3n en Reino Unido, TOP 1 en Portugal y en sexto lugar en la taquilla nacional. Realizada \u00edntegramente en Navarra, retoma la esencia de una de las series de animaci\u00f3n m\u00e1s populares de los a\u00f1os 80. En esta ocasi\u00f3n, Navarra no es el primer escenario que acoge la proyecci\u00f3n, puesto que previamente ha conquistado lugares como el Reino Unido o Portugal. Pamplona fue la ciudad elegida para el estreno espa\u00f1ol el pasado 18 de agosto, tras haberse programado en el Navarra International Film Festival. [\/vc_column_text][vc_empty_space][vc_separator][vc_single_image image=\u00bb7898&#8243; img_size=\u00bbmedium\u00bb alignment=\u00bbcenter\u00bb][vc_separator][\/vc_column][\/vc_row]","og_url":"https:\/\/www.navarrafilmindustry.com\/es\/110-000-espectadores-han-visto-la-pelicula-de-animacion-navarra-dartacan-y-los-tres-mosqueperros\/","og_site_name":"NFI","article_published_time":"2021-08-27T10:05:18+00:00","og_image":[{"width":1000,"height":633,"url":"https:\/\/www.navarrafilmindustry.com\/wp-content\/uploads\/2022\/09\/dartacan-2-2-e1630059020446.jpg","type":"image\/jpeg"}],"author":"admin","twitter_card":"summary_large_image","twitter_misc":{"Escrito por":"admin","Tiempo de lectura":"1 minuto"},"schema":{"@context":"https:\/\/schema.org","@graph":[{"@type":"WebPage","@id":"https:\/\/www.navarrafilmindustry.com\/es\/110-000-espectadores-han-visto-la-pelicula-de-animacion-navarra-dartacan-y-los-tres-mosqueperros\/","url":"https:\/\/www.navarrafilmindustry.com\/es\/110-000-espectadores-han-visto-la-pelicula-de-animacion-navarra-dartacan-y-los-tres-mosqueperros\/","name":"110.000 espectadores han visto la pel\u00edcula de animaci\u00f3n navarra D\u00b4ARTACAN Y LOS TRES MOSQUEPERROS - NFI","isPartOf":{"@id":"https:\/\/www.navarrafilmindustry.com\/eu\/#website"},"primaryImageOfPage":{"@id":"https:\/\/www.navarrafilmindustry.com\/es\/110-000-espectadores-han-visto-la-pelicula-de-animacion-navarra-dartacan-y-los-tres-mosqueperros\/#primaryimage"},"image":{"@id":"https:\/\/www.navarrafilmindustry.com\/es\/110-000-espectadores-han-visto-la-pelicula-de-animacion-navarra-dartacan-y-los-tres-mosqueperros\/#primaryimage"},"thumbnailUrl":"https:\/\/www.navarrafilmindustry.com\/wp-content\/uploads\/2022\/09\/dartacan-2-2-e1630059020446.jpg","datePublished":"2021-08-27T10:05:18+00:00","dateModified":"2021-08-27T10:05:18+00:00","author":{"@id":"https:\/\/www.navarrafilmindustry.com\/eu\/#\/schema\/person\/28828168eafaea0599fb6ac09706208e"},"breadcrumb":{"@id":"https:\/\/www.navarrafilmindustry.com\/es\/110-000-espectadores-han-visto-la-pelicula-de-animacion-navarra-dartacan-y-los-tres-mosqueperros\/#breadcrumb"},"inLanguage":"es","potentialAction":[{"@type":"ReadAction","target":["https:\/\/www.navarrafilmindustry.com\/es\/110-000-espectadores-han-visto-la-pelicula-de-animacion-navarra-dartacan-y-los-tres-mosqueperros\/"]}]},{"@type":"ImageObject","inLanguage":"es","@id":"https:\/\/www.navarrafilmindustry.com\/es\/110-000-espectadores-han-visto-la-pelicula-de-animacion-navarra-dartacan-y-los-tres-mosqueperros\/#primaryimage","url":"https:\/\/www.navarrafilmindustry.com\/wp-content\/uploads\/2022\/09\/dartacan-2-2-e1630059020446.jpg","contentUrl":"https:\/\/www.navarrafilmindustry.com\/wp-content\/uploads\/2022\/09\/dartacan-2-2-e1630059020446.jpg","width":1000,"height":633},{"@type":"BreadcrumbList","@id":"https:\/\/www.navarrafilmindustry.com\/es\/110-000-espectadores-han-visto-la-pelicula-de-animacion-navarra-dartacan-y-los-tres-mosqueperros\/#breadcrumb","itemListElement":[{"@type":"ListItem","position":1,"name":"Portada","item":"https:\/\/www.navarrafilmindustry.com\/es\/"},{"@type":"ListItem","position":2,"name":"110.000 espectadores han visto la pel\u00edcula de animaci\u00f3n navarra D\u00b4ARTACAN Y LOS TRES MOSQUEPERROS"}]},{"@type":"WebSite","@id":"https:\/\/www.navarrafilmindustry.com\/eu\/#website","url":"https:\/\/www.navarrafilmindustry.com\/eu\/","name":"NFI","description":"","potentialAction":[{"@type":"SearchAction","target":{"@type":"EntryPoint","urlTemplate":"https:\/\/www.navarrafilmindustry.com\/eu\/?s={search_term_string}"},"query-input":{"@type":"PropertyValueSpecification","valueRequired":true,"valueName":"search_term_string"}}],"inLanguage":"es"},{"@type":"Person","@id":"https:\/\/www.navarrafilmindustry.com\/eu\/#\/schema\/person\/28828168eafaea0599fb6ac09706208e","name":"admin","image":{"@type":"ImageObject","inLanguage":"es","@id":"https:\/\/www.navarrafilmindustry.com\/eu\/#\/schema\/person\/image\/","url":"https:\/\/secure.gravatar.com\/avatar\/a4f5b7c164fdea771914ae0274620e3c?s=96&d=mm&r=g","contentUrl":"https:\/\/secure.gravatar.com\/avatar\/a4f5b7c164fdea771914ae0274620e3c?s=96&d=mm&r=g","caption":"admin"},"sameAs":["https:\/\/www.navarrafilmindustry.com"],"url":"https:\/\/www.navarrafilmindustry.com\/es\/author\/admin\/"}]}},"_links":{"self":[{"href":"https:\/\/www.navarrafilmindustry.com\/es\/wp-json\/wp\/v2\/posts\/11816"}],"collection":[{"href":"https:\/\/www.navarrafilmindustry.com\/es\/wp-json\/wp\/v2\/posts"}],"about":[{"href":"https:\/\/www.navarrafilmindustry.com\/es\/wp-json\/wp\/v2\/types\/post"}],"author":[{"embeddable":true,"href":"https:\/\/www.navarrafilmindustry.com\/es\/wp-json\/wp\/v2\/users\/1"}],"replies":[{"embeddable":true,"href":"https:\/\/www.navarrafilmindustry.com\/es\/wp-json\/wp\/v2\/comments?post=11816"}],"version-history":[{"count":0,"href":"https:\/\/www.navarrafilmindustry.com\/es\/wp-json\/wp\/v2\/posts\/11816\/revisions"}],"wp:featuredmedia":[{"embeddable":true,"href":"https:\/\/www.navarrafilmindustry.com\/es\/wp-json\/wp\/v2\/media\/11817"}],"wp:attachment":[{"href":"https:\/\/www.navarrafilmindustry.com\/es\/wp-json\/wp\/v2\/media?parent=11816"}],"wp:term":[{"taxonomy":"category","embeddable":true,"href":"https:\/\/www.navarrafilmindustry.com\/es\/wp-json\/wp\/v2\/categories?post=11816"},{"taxonomy":"post_tag","embeddable":true,"href":"https:\/\/www.navarrafilmindustry.com\/es\/wp-json\/wp\/v2\/tags?post=11816"}],"curies":[{"name":"wp","href":"https:\/\/api.w.org\/{rel}","templated":true}]}}