{"id":11582,"date":"2021-04-22T21:41:39","date_gmt":"2021-04-22T21:41:39","guid":{"rendered":"http:\/\/nfc.plannertest.com\/la-pelicula-ilargi-guztiak-todas-las-lunas-de-igor-legarreta-se-estrenara-en-cines-el-14-de-mayo\/"},"modified":"2021-04-22T21:41:39","modified_gmt":"2021-04-22T21:41:39","slug":"la-pelicula-ilargi-guztiak-todas-las-lunas-de-igor-legarreta-se-estrenara-en-cines-el-14-de-mayo","status":"publish","type":"post","link":"https:\/\/www.navarrafilmindustry.com\/es\/la-pelicula-ilargi-guztiak-todas-las-lunas-de-igor-legarreta-se-estrenara-en-cines-el-14-de-mayo\/","title":{"rendered":"La cinta\u00a0\u201cIlargi Guztiak. Todas las lunas\u00bb\u00a0de Igor Legarreta se estrenar\u00e1 en cines el 14 de mayo"},"content":{"rendered":"<div>El pr\u00f3ximo viernes 14 de mayo se estrenar\u00e1 en cines la pel\u00edcula \u201cIlargi Guztiak. Todas las lunas\u00bb, rodada en Navarra y con parte de equipo navarro, como el director de Arte, Mikel Serrano (Goya por \u00abAkelarre\u00bb).<\/div>\n<div>El segundo largometraje del cineasta Igor Legarreta (\u201cCuando dejes de quererme\u201d, 2018) es una f\u00e1bula fant\u00e1stica sobre una ni\u00f1a condenada a vivir para siempre. Filmada en euskera, \u201cIlargi Guztiak. Todas las lunas\u00bb toma como punto de partida el mito del vampirismo\u00a0y, en palabras del director\u00a0\u201cofrece un\u00a0tratamiento naturalista\u00a0para alejarse de lugares comunes y poner el\u00a0peso dram\u00e1tico en el relato existencial.\u00a0No es una pel\u00edcula de terror, sino un relato rom\u00e1ntico, un drama fant\u00e1stico que reflexiona sobre nuestro deseo de perdurar, de trascender, ese preciado bot\u00edn que ofrecen la mayor parte de las religiones a cambio de una vida entregada a la fe. Un regalo que parece alejar las sombras de la existencia y busca protegernos del miedo a la muerte\u201d.<\/div>\n<div>\n<p>Escrita por Legarreta junto al guionista\u00a0Jon Sagal\u00e1\u00a0(\u201cLa sala\u201d, 2019; \u201cBosque de sombras\u201d, 2006), \u201cIlargi Guztiak. Todas las lunas\u00bb cuenta con un elenco protagonizado por\u00a0Haizea Carneros,\u00a0de 13 a\u00f1os, en su primer trabajo interpretativo. Le acompa\u00f1an int\u00e9rpretes consagrados como\u00a0Itziar Itu\u00f1o\u00a0(\u201cLa casa de papel\u201d, 2017-actualidad; \u201cLoreak\u201d, 2014) y\u00a0Josean Bengoetxea\u00a0(\u201cOreina\u201d, 2017, \u201cMalas Temporadas\u201d, 2005). Tambi\u00e9n participan\u00a0Lier Quesada\u00a0(\u201cUn oto\u00f1o sin Berl\u00edn\u201d, 2015), Zorion Eguileor (\u201cEl Hoyo\u201d, 2019, \u201cAgur Etxebeste\u01c3\u201d, 2019) y\u00a0Elena Uriz\u00a0(\u201cAkelarre\u201d, 2020; \u201cTasio\u201d, 1984).<\/p>\n<p>El equipo t\u00e9cnico de la pel\u00edcula est\u00e1 formado por algunos de los profesionales m\u00e1s reconocidos de la industria cinematogr\u00e1fica actual:\u00a0Laurent Dufreche\u00a0en el montaje (premio Goya por \u201cHandia\u201d),\u00a0Mikel Serrano\u00a0en la Direcci\u00f3n de Arte (premio Goya por \u201cHandia\u201d y nominado por \u201cVentajas de viajar en tren\u201d);\u00a0Pascal Gaigne\u00a0en la m\u00fasica (premio Goya por \u201cHandia\u201d y nominado en 3 ocasiones m\u00e1s);\u00a0Imanol Nabea\u00a0en la direcci\u00f3n de fotograf\u00eda (\u201cCuando dejes de quererme\u201d, 2018);\u00a0Alazne Ameztoy\u00a0en el Sonido Directo (premio Goya por \u201cLa trinchera infinita\u201d),\u00a0Leire Orella\u00a0en el vestuario;\u00a0Lola L\u00f3pez e Itziar Arrieta\u00a0en el Maquillaje y Peluquer\u00eda (ganadoras de un Goya por \u201cEl orfanato\u201d); y\u00a0Ana Rubio,\u00a0como supervisora de VFX (\u201cMientras dure la guerra\u201d, \u201cIntemperie\u201d).<\/p>\n<p>\u201cIlargi\u00a0Guztiak. Todas las lunas\u201d es una producci\u00f3n de\u00a0Arcadia Motion Pictures, Kowalski Films, Pris&amp;Batty Films\u00a0e\u00a0Ilargia Films\u00a0en coproducci\u00f3n con\u00a0Noodles Production\u00a0(Francia). Cuenta con la participaci\u00f3n de\u00a0EiTB,\u00a0RTVE, Vodafone;\u00a0la financiaci\u00f3n del\u00a0ICAA;\u00a0el apoyo del\u00a0Gobierno Vasco, la Diputaci\u00f3n Foral de Gipuzkoa, el ICO y SGR.\u00a0Filmax\u00a0se encargar\u00e1 de la distribuci\u00f3n en cines de Espa\u00f1a y de las ventas internacionales.<\/p>\n<\/div>\n<h4><strong>SINOPSIS<\/strong><\/h4>\n<div>Durante los estertores de la \u00faltima guerra carlista, una ni\u00f1a es rescatada de un orfanato por una misteriosa mujer que habita en lo profundo del bosque. Malherida, y sintiendo estar al borde de la muerte, la peque\u00f1a creer\u00e1 ver en ella a un \u00e1ngel que ha venido a buscarla para llev\u00e1rsela al Cielo\u2026 No tardar\u00e1 en descubrir que este extra\u00f1o ser le ha dado la vida eterna, oblig\u00e1ndola a vivir en la oscuridad de la noche, juntas, para \u2018siempre\u2019.<br \/>\nBajo su nueva condici\u00f3n, tendr\u00e1 que enfrentarse al doloroso paso del tiempo encerrada en su cuerpo de ni\u00f1a, hasta conocer a C\u00e1ndido, un hombre humilde que le acoger\u00e1 en su casa como si de su propia hija se tratase y que le acompa\u00f1ar\u00e1 en la lucha contra su propia naturaleza y en el sue\u00f1o de recuperar su vida arrebatada.<br \/>\n\u201cIlargi Guztiak. Todas las lunas\u201d es una f\u00e1bula fant\u00e1stica que reflexiona sobre el miedo al dolor y la inmortalidad.<\/div>\n","protected":false},"excerpt":{"rendered":"<p>El pr\u00f3ximo viernes 14 de mayo se estrenar\u00e1 en cines la pel\u00edcula \u201cIlargi Guztiak. Todas las lunas\u00bb, rodada en Navarra y con parte de equipo navarro, como el director de Arte, Mikel Serrano (Goya por \u00abAkelarre\u00bb). El segundo largometraje del cineasta Igor Legarreta (\u201cCuando dejes de quererme\u201d, 2018) es una f\u00e1bula fant\u00e1stica sobre una ni\u00f1a condenada a vivir para siempre. Filmada en euskera, \u201cIlargi Guztiak. Todas las lunas\u00bb toma como punto de partida el mito del vampirismo\u00a0y, en palabras del director\u00a0\u201cofrece un\u00a0tratamiento naturalista\u00a0para alejarse de lugares comunes y poner el\u00a0peso dram\u00e1tico en el relato existencial.\u00a0No es una pel\u00edcula de terror, sino un relato rom\u00e1ntico, un drama fant\u00e1stico que reflexiona sobre nuestro deseo de perdurar, de trascender, ese preciado bot\u00edn que ofrecen la mayor parte de las religiones a cambio de una vida entregada a la fe. Un regalo que parece alejar las sombras de la existencia y busca protegernos del miedo a la muerte\u201d. Escrita por Legarreta junto al guionista\u00a0Jon Sagal\u00e1\u00a0(\u201cLa sala\u201d, 2019; \u201cBosque de sombras\u201d, 2006), \u201cIlargi Guztiak. Todas las lunas\u00bb cuenta con un elenco protagonizado por\u00a0Haizea Carneros,\u00a0de 13 a\u00f1os, en su primer trabajo interpretativo. Le acompa\u00f1an int\u00e9rpretes consagrados como\u00a0Itziar Itu\u00f1o\u00a0(\u201cLa casa de papel\u201d, 2017-actualidad; \u201cLoreak\u201d, 2014) y\u00a0Josean Bengoetxea\u00a0(\u201cOreina\u201d, 2017, \u201cMalas Temporadas\u201d, 2005). Tambi\u00e9n participan\u00a0Lier Quesada\u00a0(\u201cUn oto\u00f1o sin Berl\u00edn\u201d, 2015), Zorion Eguileor (\u201cEl Hoyo\u201d, 2019, \u201cAgur Etxebeste\u01c3\u201d, 2019) y\u00a0Elena Uriz\u00a0(\u201cAkelarre\u201d, 2020; \u201cTasio\u201d, 1984). El equipo t\u00e9cnico de la pel\u00edcula est\u00e1 formado por algunos de los profesionales m\u00e1s reconocidos de la industria cinematogr\u00e1fica actual:\u00a0Laurent Dufreche\u00a0en el montaje (premio Goya por \u201cHandia\u201d),\u00a0Mikel Serrano\u00a0en la Direcci\u00f3n de Arte (premio Goya por \u201cHandia\u201d y nominado por \u201cVentajas de viajar en tren\u201d);\u00a0Pascal Gaigne\u00a0en la m\u00fasica (premio Goya por \u201cHandia\u201d y nominado en 3 ocasiones m\u00e1s);\u00a0Imanol Nabea\u00a0en la direcci\u00f3n de fotograf\u00eda (\u201cCuando dejes de quererme\u201d, 2018);\u00a0Alazne Ameztoy\u00a0en el Sonido Directo (premio Goya por \u201cLa trinchera&#8230;<\/p>\n","protected":false},"author":1,"featured_media":11583,"comment_status":"open","ping_status":"open","sticky":false,"template":"","format":"standard","meta":{"_acf_changed":false,"footnotes":""},"categories":[1],"tags":[],"class_list":{"0":"post-11582","1":"post","2":"type-post","3":"status-publish","4":"format-standard","5":"has-post-thumbnail","7":"category-noticias"},"acf":[],"yoast_head":"<!-- This site is optimized with the Yoast SEO plugin v23.7 - https:\/\/yoast.com\/wordpress\/plugins\/seo\/ -->\n<title>La cinta\u00a0\u201cIlargi Guztiak. Todas las lunas&quot;\u00a0de Igor Legarreta se estrenar\u00e1 en cines el 14 de mayo - NFI<\/title>\n<meta name=\"robots\" content=\"index, follow, max-snippet:-1, max-image-preview:large, max-video-preview:-1\" \/>\n<link rel=\"canonical\" href=\"https:\/\/www.navarrafilmindustry.com\/eu\/la-pelicula-ilargi-guztiak-todas-las-lunas-de-igor-legarreta-se-estrenara-en-cines-el-14-de-mayo\/\" \/>\n<meta property=\"og:locale\" content=\"es_ES\" \/>\n<meta property=\"og:type\" content=\"article\" \/>\n<meta property=\"og:title\" content=\"La cinta\u00a0\u201cIlargi Guztiak. Todas las lunas&quot;\u00a0de Igor Legarreta se estrenar\u00e1 en cines el 14 de mayo - NFI\" \/>\n<meta property=\"og:description\" content=\"El pr\u00f3ximo viernes 14 de mayo se estrenar\u00e1 en cines la pel\u00edcula \u201cIlargi Guztiak. Todas las lunas\u00bb, rodada en Navarra y con parte de equipo navarro, como el director de Arte, Mikel Serrano (Goya por \u00abAkelarre\u00bb). El segundo largometraje del cineasta Igor Legarreta (\u201cCuando dejes de quererme\u201d, 2018) es una f\u00e1bula fant\u00e1stica sobre una ni\u00f1a condenada a vivir para siempre. Filmada en euskera, \u201cIlargi Guztiak. Todas las lunas\u00bb toma como punto de partida el mito del vampirismo\u00a0y, en palabras del director\u00a0\u201cofrece un\u00a0tratamiento naturalista\u00a0para alejarse de lugares comunes y poner el\u00a0peso dram\u00e1tico en el relato existencial.\u00a0No es una pel\u00edcula de terror, sino un relato rom\u00e1ntico, un drama fant\u00e1stico que reflexiona sobre nuestro deseo de perdurar, de trascender, ese preciado bot\u00edn que ofrecen la mayor parte de las religiones a cambio de una vida entregada a la fe. Un regalo que parece alejar las sombras de la existencia y busca protegernos del miedo a la muerte\u201d. Escrita por Legarreta junto al guionista\u00a0Jon Sagal\u00e1\u00a0(\u201cLa sala\u201d, 2019; \u201cBosque de sombras\u201d, 2006), \u201cIlargi Guztiak. Todas las lunas\u00bb cuenta con un elenco protagonizado por\u00a0Haizea Carneros,\u00a0de 13 a\u00f1os, en su primer trabajo interpretativo. Le acompa\u00f1an int\u00e9rpretes consagrados como\u00a0Itziar Itu\u00f1o\u00a0(\u201cLa casa de papel\u201d, 2017-actualidad; \u201cLoreak\u201d, 2014) y\u00a0Josean Bengoetxea\u00a0(\u201cOreina\u201d, 2017, \u201cMalas Temporadas\u201d, 2005). Tambi\u00e9n participan\u00a0Lier Quesada\u00a0(\u201cUn oto\u00f1o sin Berl\u00edn\u201d, 2015), Zorion Eguileor (\u201cEl Hoyo\u201d, 2019, \u201cAgur Etxebeste\u01c3\u201d, 2019) y\u00a0Elena Uriz\u00a0(\u201cAkelarre\u201d, 2020; \u201cTasio\u201d, 1984). El equipo t\u00e9cnico de la pel\u00edcula est\u00e1 formado por algunos de los profesionales m\u00e1s reconocidos de la industria cinematogr\u00e1fica actual:\u00a0Laurent Dufreche\u00a0en el montaje (premio Goya por \u201cHandia\u201d),\u00a0Mikel Serrano\u00a0en la Direcci\u00f3n de Arte (premio Goya por \u201cHandia\u201d y nominado por \u201cVentajas de viajar en tren\u201d);\u00a0Pascal Gaigne\u00a0en la m\u00fasica (premio Goya por \u201cHandia\u201d y nominado en 3 ocasiones m\u00e1s);\u00a0Imanol Nabea\u00a0en la direcci\u00f3n de fotograf\u00eda (\u201cCuando dejes de quererme\u201d, 2018);\u00a0Alazne Ameztoy\u00a0en el Sonido Directo (premio Goya por \u201cLa trinchera...\" \/>\n<meta property=\"og:url\" content=\"https:\/\/www.navarrafilmindustry.com\/eu\/la-pelicula-ilargi-guztiak-todas-las-lunas-de-igor-legarreta-se-estrenara-en-cines-el-14-de-mayo\/\" \/>\n<meta property=\"og:site_name\" content=\"NFI\" \/>\n<meta property=\"article:published_time\" content=\"2021-04-22T21:41:39+00:00\" \/>\n<meta property=\"og:image\" content=\"https:\/\/www.navarrafilmindustry.com\/wp-content\/uploads\/2022\/09\/Ilargi-Guztiak_2899_ALTA-scaled-1.jpg\" \/>\n\t<meta property=\"og:image:width\" content=\"2560\" \/>\n\t<meta property=\"og:image:height\" content=\"1707\" \/>\n\t<meta property=\"og:image:type\" content=\"image\/jpeg\" \/>\n<meta name=\"author\" content=\"admin\" \/>\n<meta name=\"twitter:card\" content=\"summary_large_image\" \/>\n<meta name=\"twitter:label1\" content=\"Escrito por\" \/>\n\t<meta name=\"twitter:data1\" content=\"admin\" \/>\n\t<meta name=\"twitter:label2\" content=\"Tiempo de lectura\" \/>\n\t<meta name=\"twitter:data2\" content=\"3 minutos\" \/>\n<script type=\"application\/ld+json\" class=\"yoast-schema-graph\">{\"@context\":\"https:\/\/schema.org\",\"@graph\":[{\"@type\":\"WebPage\",\"@id\":\"https:\/\/www.navarrafilmindustry.com\/eu\/la-pelicula-ilargi-guztiak-todas-las-lunas-de-igor-legarreta-se-estrenara-en-cines-el-14-de-mayo\/\",\"url\":\"https:\/\/www.navarrafilmindustry.com\/eu\/la-pelicula-ilargi-guztiak-todas-las-lunas-de-igor-legarreta-se-estrenara-en-cines-el-14-de-mayo\/\",\"name\":\"La cinta\u00a0\u201cIlargi Guztiak. Todas las lunas\\\"\u00a0de Igor Legarreta se estrenar\u00e1 en cines el 14 de mayo - NFI\",\"isPartOf\":{\"@id\":\"https:\/\/www.navarrafilmindustry.com\/eu\/#website\"},\"primaryImageOfPage\":{\"@id\":\"https:\/\/www.navarrafilmindustry.com\/eu\/la-pelicula-ilargi-guztiak-todas-las-lunas-de-igor-legarreta-se-estrenara-en-cines-el-14-de-mayo\/#primaryimage\"},\"image\":{\"@id\":\"https:\/\/www.navarrafilmindustry.com\/eu\/la-pelicula-ilargi-guztiak-todas-las-lunas-de-igor-legarreta-se-estrenara-en-cines-el-14-de-mayo\/#primaryimage\"},\"thumbnailUrl\":\"https:\/\/www.navarrafilmindustry.com\/wp-content\/uploads\/2022\/09\/Ilargi-Guztiak_2899_ALTA-scaled-1.jpg\",\"datePublished\":\"2021-04-22T21:41:39+00:00\",\"dateModified\":\"2021-04-22T21:41:39+00:00\",\"author\":{\"@id\":\"https:\/\/www.navarrafilmindustry.com\/eu\/#\/schema\/person\/28828168eafaea0599fb6ac09706208e\"},\"breadcrumb\":{\"@id\":\"https:\/\/www.navarrafilmindustry.com\/eu\/la-pelicula-ilargi-guztiak-todas-las-lunas-de-igor-legarreta-se-estrenara-en-cines-el-14-de-mayo\/#breadcrumb\"},\"inLanguage\":\"es\",\"potentialAction\":[{\"@type\":\"ReadAction\",\"target\":[\"https:\/\/www.navarrafilmindustry.com\/eu\/la-pelicula-ilargi-guztiak-todas-las-lunas-de-igor-legarreta-se-estrenara-en-cines-el-14-de-mayo\/\"]}]},{\"@type\":\"ImageObject\",\"inLanguage\":\"es\",\"@id\":\"https:\/\/www.navarrafilmindustry.com\/eu\/la-pelicula-ilargi-guztiak-todas-las-lunas-de-igor-legarreta-se-estrenara-en-cines-el-14-de-mayo\/#primaryimage\",\"url\":\"https:\/\/www.navarrafilmindustry.com\/wp-content\/uploads\/2022\/09\/Ilargi-Guztiak_2899_ALTA-scaled-1.jpg\",\"contentUrl\":\"https:\/\/www.navarrafilmindustry.com\/wp-content\/uploads\/2022\/09\/Ilargi-Guztiak_2899_ALTA-scaled-1.jpg\",\"width\":2560,\"height\":1707},{\"@type\":\"BreadcrumbList\",\"@id\":\"https:\/\/www.navarrafilmindustry.com\/eu\/la-pelicula-ilargi-guztiak-todas-las-lunas-de-igor-legarreta-se-estrenara-en-cines-el-14-de-mayo\/#breadcrumb\",\"itemListElement\":[{\"@type\":\"ListItem\",\"position\":1,\"name\":\"Portada\",\"item\":\"https:\/\/www.navarrafilmindustry.com\/es\/\"},{\"@type\":\"ListItem\",\"position\":2,\"name\":\"La cinta\u00a0\u201cIlargi Guztiak. Todas las lunas&#8221;\u00a0de Igor Legarreta se estrenar\u00e1 en cines el 14 de mayo\"}]},{\"@type\":\"WebSite\",\"@id\":\"https:\/\/www.navarrafilmindustry.com\/eu\/#website\",\"url\":\"https:\/\/www.navarrafilmindustry.com\/eu\/\",\"name\":\"NFI\",\"description\":\"\",\"potentialAction\":[{\"@type\":\"SearchAction\",\"target\":{\"@type\":\"EntryPoint\",\"urlTemplate\":\"https:\/\/www.navarrafilmindustry.com\/eu\/?s={search_term_string}\"},\"query-input\":{\"@type\":\"PropertyValueSpecification\",\"valueRequired\":true,\"valueName\":\"search_term_string\"}}],\"inLanguage\":\"es\"},{\"@type\":\"Person\",\"@id\":\"https:\/\/www.navarrafilmindustry.com\/eu\/#\/schema\/person\/28828168eafaea0599fb6ac09706208e\",\"name\":\"admin\",\"image\":{\"@type\":\"ImageObject\",\"inLanguage\":\"es\",\"@id\":\"https:\/\/www.navarrafilmindustry.com\/eu\/#\/schema\/person\/image\/\",\"url\":\"https:\/\/secure.gravatar.com\/avatar\/a4f5b7c164fdea771914ae0274620e3c?s=96&d=mm&r=g\",\"contentUrl\":\"https:\/\/secure.gravatar.com\/avatar\/a4f5b7c164fdea771914ae0274620e3c?s=96&d=mm&r=g\",\"caption\":\"admin\"},\"sameAs\":[\"https:\/\/www.navarrafilmindustry.com\"],\"url\":\"https:\/\/www.navarrafilmindustry.com\/es\/author\/admin\/\"}]}<\/script>\n<!-- \/ Yoast SEO plugin. -->","yoast_head_json":{"title":"La cinta\u00a0\u201cIlargi Guztiak. Todas las lunas\"\u00a0de Igor Legarreta se estrenar\u00e1 en cines el 14 de mayo - NFI","robots":{"index":"index","follow":"follow","max-snippet":"max-snippet:-1","max-image-preview":"max-image-preview:large","max-video-preview":"max-video-preview:-1"},"canonical":"https:\/\/www.navarrafilmindustry.com\/eu\/la-pelicula-ilargi-guztiak-todas-las-lunas-de-igor-legarreta-se-estrenara-en-cines-el-14-de-mayo\/","og_locale":"es_ES","og_type":"article","og_title":"La cinta\u00a0\u201cIlargi Guztiak. Todas las lunas\"\u00a0de Igor Legarreta se estrenar\u00e1 en cines el 14 de mayo - NFI","og_description":"El pr\u00f3ximo viernes 14 de mayo se estrenar\u00e1 en cines la pel\u00edcula \u201cIlargi Guztiak. Todas las lunas\u00bb, rodada en Navarra y con parte de equipo navarro, como el director de Arte, Mikel Serrano (Goya por \u00abAkelarre\u00bb). El segundo largometraje del cineasta Igor Legarreta (\u201cCuando dejes de quererme\u201d, 2018) es una f\u00e1bula fant\u00e1stica sobre una ni\u00f1a condenada a vivir para siempre. Filmada en euskera, \u201cIlargi Guztiak. Todas las lunas\u00bb toma como punto de partida el mito del vampirismo\u00a0y, en palabras del director\u00a0\u201cofrece un\u00a0tratamiento naturalista\u00a0para alejarse de lugares comunes y poner el\u00a0peso dram\u00e1tico en el relato existencial.\u00a0No es una pel\u00edcula de terror, sino un relato rom\u00e1ntico, un drama fant\u00e1stico que reflexiona sobre nuestro deseo de perdurar, de trascender, ese preciado bot\u00edn que ofrecen la mayor parte de las religiones a cambio de una vida entregada a la fe. Un regalo que parece alejar las sombras de la existencia y busca protegernos del miedo a la muerte\u201d. Escrita por Legarreta junto al guionista\u00a0Jon Sagal\u00e1\u00a0(\u201cLa sala\u201d, 2019; \u201cBosque de sombras\u201d, 2006), \u201cIlargi Guztiak. Todas las lunas\u00bb cuenta con un elenco protagonizado por\u00a0Haizea Carneros,\u00a0de 13 a\u00f1os, en su primer trabajo interpretativo. Le acompa\u00f1an int\u00e9rpretes consagrados como\u00a0Itziar Itu\u00f1o\u00a0(\u201cLa casa de papel\u201d, 2017-actualidad; \u201cLoreak\u201d, 2014) y\u00a0Josean Bengoetxea\u00a0(\u201cOreina\u201d, 2017, \u201cMalas Temporadas\u201d, 2005). Tambi\u00e9n participan\u00a0Lier Quesada\u00a0(\u201cUn oto\u00f1o sin Berl\u00edn\u201d, 2015), Zorion Eguileor (\u201cEl Hoyo\u201d, 2019, \u201cAgur Etxebeste\u01c3\u201d, 2019) y\u00a0Elena Uriz\u00a0(\u201cAkelarre\u201d, 2020; \u201cTasio\u201d, 1984). El equipo t\u00e9cnico de la pel\u00edcula est\u00e1 formado por algunos de los profesionales m\u00e1s reconocidos de la industria cinematogr\u00e1fica actual:\u00a0Laurent Dufreche\u00a0en el montaje (premio Goya por \u201cHandia\u201d),\u00a0Mikel Serrano\u00a0en la Direcci\u00f3n de Arte (premio Goya por \u201cHandia\u201d y nominado por \u201cVentajas de viajar en tren\u201d);\u00a0Pascal Gaigne\u00a0en la m\u00fasica (premio Goya por \u201cHandia\u201d y nominado en 3 ocasiones m\u00e1s);\u00a0Imanol Nabea\u00a0en la direcci\u00f3n de fotograf\u00eda (\u201cCuando dejes de quererme\u201d, 2018);\u00a0Alazne Ameztoy\u00a0en el Sonido Directo (premio Goya por \u201cLa trinchera...","og_url":"https:\/\/www.navarrafilmindustry.com\/eu\/la-pelicula-ilargi-guztiak-todas-las-lunas-de-igor-legarreta-se-estrenara-en-cines-el-14-de-mayo\/","og_site_name":"NFI","article_published_time":"2021-04-22T21:41:39+00:00","og_image":[{"width":2560,"height":1707,"url":"https:\/\/www.navarrafilmindustry.com\/wp-content\/uploads\/2022\/09\/Ilargi-Guztiak_2899_ALTA-scaled-1.jpg","type":"image\/jpeg"}],"author":"admin","twitter_card":"summary_large_image","twitter_misc":{"Escrito por":"admin","Tiempo de lectura":"3 minutos"},"schema":{"@context":"https:\/\/schema.org","@graph":[{"@type":"WebPage","@id":"https:\/\/www.navarrafilmindustry.com\/eu\/la-pelicula-ilargi-guztiak-todas-las-lunas-de-igor-legarreta-se-estrenara-en-cines-el-14-de-mayo\/","url":"https:\/\/www.navarrafilmindustry.com\/eu\/la-pelicula-ilargi-guztiak-todas-las-lunas-de-igor-legarreta-se-estrenara-en-cines-el-14-de-mayo\/","name":"La cinta\u00a0\u201cIlargi Guztiak. Todas las lunas\"\u00a0de Igor Legarreta se estrenar\u00e1 en cines el 14 de mayo - NFI","isPartOf":{"@id":"https:\/\/www.navarrafilmindustry.com\/eu\/#website"},"primaryImageOfPage":{"@id":"https:\/\/www.navarrafilmindustry.com\/eu\/la-pelicula-ilargi-guztiak-todas-las-lunas-de-igor-legarreta-se-estrenara-en-cines-el-14-de-mayo\/#primaryimage"},"image":{"@id":"https:\/\/www.navarrafilmindustry.com\/eu\/la-pelicula-ilargi-guztiak-todas-las-lunas-de-igor-legarreta-se-estrenara-en-cines-el-14-de-mayo\/#primaryimage"},"thumbnailUrl":"https:\/\/www.navarrafilmindustry.com\/wp-content\/uploads\/2022\/09\/Ilargi-Guztiak_2899_ALTA-scaled-1.jpg","datePublished":"2021-04-22T21:41:39+00:00","dateModified":"2021-04-22T21:41:39+00:00","author":{"@id":"https:\/\/www.navarrafilmindustry.com\/eu\/#\/schema\/person\/28828168eafaea0599fb6ac09706208e"},"breadcrumb":{"@id":"https:\/\/www.navarrafilmindustry.com\/eu\/la-pelicula-ilargi-guztiak-todas-las-lunas-de-igor-legarreta-se-estrenara-en-cines-el-14-de-mayo\/#breadcrumb"},"inLanguage":"es","potentialAction":[{"@type":"ReadAction","target":["https:\/\/www.navarrafilmindustry.com\/eu\/la-pelicula-ilargi-guztiak-todas-las-lunas-de-igor-legarreta-se-estrenara-en-cines-el-14-de-mayo\/"]}]},{"@type":"ImageObject","inLanguage":"es","@id":"https:\/\/www.navarrafilmindustry.com\/eu\/la-pelicula-ilargi-guztiak-todas-las-lunas-de-igor-legarreta-se-estrenara-en-cines-el-14-de-mayo\/#primaryimage","url":"https:\/\/www.navarrafilmindustry.com\/wp-content\/uploads\/2022\/09\/Ilargi-Guztiak_2899_ALTA-scaled-1.jpg","contentUrl":"https:\/\/www.navarrafilmindustry.com\/wp-content\/uploads\/2022\/09\/Ilargi-Guztiak_2899_ALTA-scaled-1.jpg","width":2560,"height":1707},{"@type":"BreadcrumbList","@id":"https:\/\/www.navarrafilmindustry.com\/eu\/la-pelicula-ilargi-guztiak-todas-las-lunas-de-igor-legarreta-se-estrenara-en-cines-el-14-de-mayo\/#breadcrumb","itemListElement":[{"@type":"ListItem","position":1,"name":"Portada","item":"https:\/\/www.navarrafilmindustry.com\/es\/"},{"@type":"ListItem","position":2,"name":"La cinta\u00a0\u201cIlargi Guztiak. Todas las lunas&#8221;\u00a0de Igor Legarreta se estrenar\u00e1 en cines el 14 de mayo"}]},{"@type":"WebSite","@id":"https:\/\/www.navarrafilmindustry.com\/eu\/#website","url":"https:\/\/www.navarrafilmindustry.com\/eu\/","name":"NFI","description":"","potentialAction":[{"@type":"SearchAction","target":{"@type":"EntryPoint","urlTemplate":"https:\/\/www.navarrafilmindustry.com\/eu\/?s={search_term_string}"},"query-input":{"@type":"PropertyValueSpecification","valueRequired":true,"valueName":"search_term_string"}}],"inLanguage":"es"},{"@type":"Person","@id":"https:\/\/www.navarrafilmindustry.com\/eu\/#\/schema\/person\/28828168eafaea0599fb6ac09706208e","name":"admin","image":{"@type":"ImageObject","inLanguage":"es","@id":"https:\/\/www.navarrafilmindustry.com\/eu\/#\/schema\/person\/image\/","url":"https:\/\/secure.gravatar.com\/avatar\/a4f5b7c164fdea771914ae0274620e3c?s=96&d=mm&r=g","contentUrl":"https:\/\/secure.gravatar.com\/avatar\/a4f5b7c164fdea771914ae0274620e3c?s=96&d=mm&r=g","caption":"admin"},"sameAs":["https:\/\/www.navarrafilmindustry.com"],"url":"https:\/\/www.navarrafilmindustry.com\/es\/author\/admin\/"}]}},"_links":{"self":[{"href":"https:\/\/www.navarrafilmindustry.com\/es\/wp-json\/wp\/v2\/posts\/11582"}],"collection":[{"href":"https:\/\/www.navarrafilmindustry.com\/es\/wp-json\/wp\/v2\/posts"}],"about":[{"href":"https:\/\/www.navarrafilmindustry.com\/es\/wp-json\/wp\/v2\/types\/post"}],"author":[{"embeddable":true,"href":"https:\/\/www.navarrafilmindustry.com\/es\/wp-json\/wp\/v2\/users\/1"}],"replies":[{"embeddable":true,"href":"https:\/\/www.navarrafilmindustry.com\/es\/wp-json\/wp\/v2\/comments?post=11582"}],"version-history":[{"count":0,"href":"https:\/\/www.navarrafilmindustry.com\/es\/wp-json\/wp\/v2\/posts\/11582\/revisions"}],"wp:featuredmedia":[{"embeddable":true,"href":"https:\/\/www.navarrafilmindustry.com\/es\/wp-json\/wp\/v2\/media\/11583"}],"wp:attachment":[{"href":"https:\/\/www.navarrafilmindustry.com\/es\/wp-json\/wp\/v2\/media?parent=11582"}],"wp:term":[{"taxonomy":"category","embeddable":true,"href":"https:\/\/www.navarrafilmindustry.com\/es\/wp-json\/wp\/v2\/categories?post=11582"},{"taxonomy":"post_tag","embeddable":true,"href":"https:\/\/www.navarrafilmindustry.com\/es\/wp-json\/wp\/v2\/tags?post=11582"}],"curies":[{"name":"wp","href":"https:\/\/api.w.org\/{rel}","templated":true}]}}