{"id":12261,"date":"2022-07-15T13:16:53","date_gmt":"2022-07-15T13:16:53","guid":{"rendered":"http:\/\/nfc.plannertest.com\/cuatro-productoras-navarras-se-unen-para-realizar-un-documental-sobre-los-sanfermines\/"},"modified":"2022-07-15T13:16:53","modified_gmt":"2022-07-15T13:16:53","slug":"cuatro-productoras-navarras-se-unen-para-realizar-un-documental-sobre-los-sanfermines","status":"publish","type":"post","link":"https:\/\/www.navarrafilmindustry.com\/en\/cuatro-productoras-navarras-se-unen-para-realizar-un-documental-sobre-los-sanfermines\/","title":{"rendered":"Cuatro productoras navarras se unen para realizar un documental sobre los sanfermines"},"content":{"rendered":"<div class=\"texto_data\">\n<p>Los sanfermines de 2022 van a ser \u00fanicos (como siempre, pero este a\u00f1o a\u00fan m\u00e1s). Las fiestas de Pamplona regresan tras una pausa de dos a\u00f1os (nunca hab\u00eda sucedido algo as\u00ed). Regresa tras una pandemia y en medio de la creaci\u00f3n de un nuevo orden mundial. \u00bfPuede haber m\u00e1s cambios? Es un momento hist\u00f3rico en el que vale la pena parar y recordar qu\u00e9 son los sanfermines. O qu\u00e9 eran. O qu\u00e9 queremos que sean (si es que hay dos personas en Pamplona que coincidan en eso).<\/p>\n<p>La esencia de la fiesta es precisamente su capacidad de reinventarse, su autor\u00eda ciudadana, la armon\u00eda maravillosa que surge del caos absoluto. El documental <em>\u00bfQu\u00e9 era eso de los Sanfermines?<\/em>\u00a0bucea en el pasado y en la imaginaci\u00f3n de las y los pamploneses, en las tradiciones y las invenciones, en las contradicciones que en San Ferm\u00edn parecen darse la mano, en la locura absurda que hace que esta fiesta tenga ahora m\u00e1s sentido que nunca.<\/p>\n<p>&nbsp;<\/p>\n<p><strong><img loading=\"lazy\" decoding=\"async\" class=\"alignnone wp-image-10948 size-full\" src=\"https:\/\/www.navarrafilmindustry.com\/wp-content\/uploads\/2022\/09\/DSC01872.jpg\" alt='' width=\"900\" height=\"600\" \/><\/strong><\/p>\n<p>&nbsp;<\/p>\n<p><strong>La historia de una b\u00fasqueda<\/strong><\/p>\n<p>Aranguren, conductor del largometraje, nos guiar\u00e1 por los espacios donde sucede la fiesta: las calles del Casco Viejo, la Plaza de Toros, el recorrido del encierro, la plaza del Ayuntamiento\u2026 Sin embargo, la mejor manera de contar qu\u00e9 son los sanfermines es a trav\u00e9s de testimonios, de encuentros y de recuerdos de quienes viven en Pamplona. El documental recoge 140 entrevistas realizadas en un set m\u00f3vil en diferentes localizaciones del Casco Viejo de Pamplona combinadas con im\u00e1genes de archivo personal, dando lugar a un gran relato colaborativo, ciudadano y cercano a la realidad.<\/p>\n<p>La estructura narrativa se corresponde con la de una b\u00fasqueda: Aranguren, tras dos a\u00f1os sin fiesta, se propone descubrir qu\u00e9 eran los Sanfermines. El viaje estar\u00e1 lleno de contradicciones, caminos que no llevan a ning\u00fan lado, sorpresas y descubrimientos positivos.<\/p>\n<p>La pel\u00edcula se convierte as\u00ed en una <em>road movie<\/em> pero que sucede siempre en la calle: una <em>street movie<\/em> que no nos lleva a ning\u00fan lado, un laberinto lleno de sorpresas. El final ser\u00e1 parecido al principio, la fiesta es lo que la gente hace de ella, y el documental invita a disfrutar del camino y a vivir la fiesta.<\/p>\n<p>&nbsp;<\/p>\n<p><strong>Una coproducci\u00f3n navarra<\/strong><\/p>\n<p>Este proyecto convoca a cuatro productoras navarras: Arena Comunicaci\u00f3n, Labrit Patrimonio, Clau y 601 Producciones Audiovisuales. Las cuatro cuentan con amplia experiencia en rodajes sanfermineros y en la construcci\u00f3n del relato de la fiesta. En este proyecto, cada una aporta una habilidad concreta.<\/p>\n<p>Arena aporta su experiencia en narrativa documental a partir de entrevistas. El largometraje ha sido codirigido por Pablo Iraburu e Itsaso Etxeberria. Iraburu tambi\u00e9n ha ejercido como coguionista, Beatriz Setuain y Ohiane Iriarte han liderado el equipo de producci\u00f3n, y la joven documentalista navarra Itsaso Etxeberria tambi\u00e9n se ha encargado de las entrevistas en euskera.<\/p>\n<p>En cuanto a Labrit, Gaizka Aranguren, Doctor en la gesti\u00f3n de Memoria y Patrimonio Inmaterial, es coguionista junto a Iraburu y conductor del largometraje a modo de anfitri\u00f3n en su ciudad natal; y Amaia Arrieta ha participado en la producci\u00f3n del proyecto.<\/p>\n<p>Clau Creative, con experiencia en rodajes publicitarios, se ha encargado de la direcci\u00f3n de fotograf\u00eda. El realizador audiovisual Quim Torrens ha dirigido los rodajes de Aranguren y las entrevistas.<\/p>\n<p>601 cuenta con amplia experiencia en edici\u00f3n de materiales relativos con la fiesta. El equipo liderado por Juan San Mart\u00edn y Rosa Garc\u00eda Loire se ha encargado de la edici\u00f3n y postproducci\u00f3n.<\/p>\n<\/div>\n<p>&nbsp;<\/p>\n<p><img loading=\"lazy\" decoding=\"async\" class=\"alignnone wp-image-10951 size-full\" src=\"https:\/\/www.navarrafilmindustry.com\/wp-content\/uploads\/2022\/09\/DSC01932.jpg\" alt='' width=\"900\" height=\"600\" \/><\/p>\n<p>&nbsp;<\/p>\n<div class=\"texto_data\">\n<p><strong>Prestreno el 1 de julio<\/strong><\/p>\n<p><em>\u00bfQu\u00e9 era eso de los Sanfermines?<\/em>\u00a0ha sido todo un proyecto participativo y las 4 productoras navarras han querido celebrarlo con todas las personas que han tomado parte en el proyecto mediante el prestreno del documental el pasado viernes 1 de julio en los Cines Golem.<\/p>\n<\/div>\n","protected":false},"excerpt":{"rendered":"<p>Los sanfermines de 2022 van a ser \u00fanicos (como siempre, pero este a\u00f1o a\u00fan m\u00e1s). Las fiestas de Pamplona regresan tras una pausa de dos a\u00f1os (nunca hab\u00eda sucedido algo as\u00ed). Regresa tras una pandemia y en medio de la creaci\u00f3n de un nuevo orden mundial. \u00bfPuede haber m\u00e1s cambios? Es un momento hist\u00f3rico en el que vale la pena parar y recordar qu\u00e9 son los sanfermines. O qu\u00e9 eran. O qu\u00e9 queremos que sean (si es que hay dos personas en Pamplona que coincidan en eso). La esencia de la fiesta es precisamente su capacidad de reinventarse, su autor\u00eda ciudadana, la armon\u00eda maravillosa que surge del caos absoluto. El documental \u00bfQu\u00e9 era eso de los Sanfermines?\u00a0bucea en el pasado y en la imaginaci\u00f3n de las y los pamploneses, en las tradiciones y las invenciones, en las contradicciones que en San Ferm\u00edn parecen darse la mano, en la locura absurda que hace que esta fiesta tenga ahora m\u00e1s sentido que nunca. &nbsp; &nbsp; La historia de una b\u00fasqueda Aranguren, conductor del largometraje, nos guiar\u00e1 por los espacios donde sucede la fiesta: las calles del Casco Viejo, la Plaza de Toros, el recorrido del encierro, la plaza del Ayuntamiento\u2026 Sin embargo, la mejor manera de contar qu\u00e9 son los sanfermines es a trav\u00e9s de testimonios, de encuentros y de recuerdos de quienes viven en Pamplona. El documental recoge 140 entrevistas realizadas en un set m\u00f3vil en diferentes localizaciones del Casco Viejo de Pamplona combinadas con im\u00e1genes de archivo personal, dando lugar a un gran relato colaborativo, ciudadano y cercano a la realidad. La estructura narrativa se corresponde con la de una b\u00fasqueda: Aranguren, tras dos a\u00f1os sin fiesta, se propone descubrir qu\u00e9 eran los Sanfermines. El viaje estar\u00e1 lleno de contradicciones, caminos que no llevan a ning\u00fan lado, sorpresas y descubrimientos&#8230;<\/p>\n","protected":false},"author":1,"featured_media":12262,"comment_status":"open","ping_status":"open","sticky":false,"template":"","format":"standard","meta":{"_acf_changed":false,"footnotes":""},"categories":[1],"tags":[],"class_list":{"0":"post-12261","1":"post","2":"type-post","3":"status-publish","4":"format-standard","5":"has-post-thumbnail","7":"category-noticias"},"acf":[],"yoast_head":"<!-- This site is optimized with the Yoast SEO plugin v23.7 - https:\/\/yoast.com\/wordpress\/plugins\/seo\/ -->\n<title>Cuatro productoras navarras se unen para realizar un documental sobre los sanfermines - NFI<\/title>\n<meta name=\"robots\" content=\"index, follow, max-snippet:-1, max-image-preview:large, max-video-preview:-1\" \/>\n<link rel=\"canonical\" href=\"https:\/\/www.navarrafilmindustry.com\/es\/cuatro-productoras-navarras-se-unen-para-realizar-un-documental-sobre-los-sanfermines\/\" \/>\n<meta property=\"og:locale\" content=\"en_US\" \/>\n<meta property=\"og:type\" content=\"article\" \/>\n<meta property=\"og:title\" content=\"Cuatro productoras navarras se unen para realizar un documental sobre los sanfermines - NFI\" \/>\n<meta property=\"og:description\" content=\"Los sanfermines de 2022 van a ser \u00fanicos (como siempre, pero este a\u00f1o a\u00fan m\u00e1s). Las fiestas de Pamplona regresan tras una pausa de dos a\u00f1os (nunca hab\u00eda sucedido algo as\u00ed). Regresa tras una pandemia y en medio de la creaci\u00f3n de un nuevo orden mundial. \u00bfPuede haber m\u00e1s cambios? Es un momento hist\u00f3rico en el que vale la pena parar y recordar qu\u00e9 son los sanfermines. O qu\u00e9 eran. O qu\u00e9 queremos que sean (si es que hay dos personas en Pamplona que coincidan en eso). La esencia de la fiesta es precisamente su capacidad de reinventarse, su autor\u00eda ciudadana, la armon\u00eda maravillosa que surge del caos absoluto. El documental \u00bfQu\u00e9 era eso de los Sanfermines?\u00a0bucea en el pasado y en la imaginaci\u00f3n de las y los pamploneses, en las tradiciones y las invenciones, en las contradicciones que en San Ferm\u00edn parecen darse la mano, en la locura absurda que hace que esta fiesta tenga ahora m\u00e1s sentido que nunca. &nbsp; &nbsp; La historia de una b\u00fasqueda Aranguren, conductor del largometraje, nos guiar\u00e1 por los espacios donde sucede la fiesta: las calles del Casco Viejo, la Plaza de Toros, el recorrido del encierro, la plaza del Ayuntamiento\u2026 Sin embargo, la mejor manera de contar qu\u00e9 son los sanfermines es a trav\u00e9s de testimonios, de encuentros y de recuerdos de quienes viven en Pamplona. El documental recoge 140 entrevistas realizadas en un set m\u00f3vil en diferentes localizaciones del Casco Viejo de Pamplona combinadas con im\u00e1genes de archivo personal, dando lugar a un gran relato colaborativo, ciudadano y cercano a la realidad. La estructura narrativa se corresponde con la de una b\u00fasqueda: Aranguren, tras dos a\u00f1os sin fiesta, se propone descubrir qu\u00e9 eran los Sanfermines. El viaje estar\u00e1 lleno de contradicciones, caminos que no llevan a ning\u00fan lado, sorpresas y descubrimientos...\" \/>\n<meta property=\"og:url\" content=\"https:\/\/www.navarrafilmindustry.com\/es\/cuatro-productoras-navarras-se-unen-para-realizar-un-documental-sobre-los-sanfermines\/\" \/>\n<meta property=\"og:site_name\" content=\"NFI\" \/>\n<meta property=\"article:published_time\" content=\"2022-07-15T13:16:53+00:00\" \/>\n<meta property=\"og:image\" content=\"https:\/\/www.navarrafilmindustry.com\/wp-content\/uploads\/2022\/09\/DSC01857.jpg\" \/>\n\t<meta property=\"og:image:width\" content=\"900\" \/>\n\t<meta property=\"og:image:height\" content=\"600\" \/>\n\t<meta property=\"og:image:type\" content=\"image\/jpeg\" \/>\n<meta name=\"author\" content=\"admin\" \/>\n<meta name=\"twitter:card\" content=\"summary_large_image\" \/>\n<meta name=\"twitter:label1\" content=\"Written by\" \/>\n\t<meta name=\"twitter:data1\" content=\"admin\" \/>\n\t<meta name=\"twitter:label2\" content=\"Est. reading time\" \/>\n\t<meta name=\"twitter:data2\" content=\"3 minutes\" \/>\n<script type=\"application\/ld+json\" class=\"yoast-schema-graph\">{\"@context\":\"https:\/\/schema.org\",\"@graph\":[{\"@type\":\"WebPage\",\"@id\":\"https:\/\/www.navarrafilmindustry.com\/es\/cuatro-productoras-navarras-se-unen-para-realizar-un-documental-sobre-los-sanfermines\/\",\"url\":\"https:\/\/www.navarrafilmindustry.com\/es\/cuatro-productoras-navarras-se-unen-para-realizar-un-documental-sobre-los-sanfermines\/\",\"name\":\"Cuatro productoras navarras se unen para realizar un documental sobre los sanfermines - NFI\",\"isPartOf\":{\"@id\":\"https:\/\/www.navarrafilmindustry.com\/eu\/#website\"},\"primaryImageOfPage\":{\"@id\":\"https:\/\/www.navarrafilmindustry.com\/es\/cuatro-productoras-navarras-se-unen-para-realizar-un-documental-sobre-los-sanfermines\/#primaryimage\"},\"image\":{\"@id\":\"https:\/\/www.navarrafilmindustry.com\/es\/cuatro-productoras-navarras-se-unen-para-realizar-un-documental-sobre-los-sanfermines\/#primaryimage\"},\"thumbnailUrl\":\"https:\/\/www.navarrafilmindustry.com\/wp-content\/uploads\/2022\/09\/DSC01857.jpg\",\"datePublished\":\"2022-07-15T13:16:53+00:00\",\"dateModified\":\"2022-07-15T13:16:53+00:00\",\"author\":{\"@id\":\"https:\/\/www.navarrafilmindustry.com\/eu\/#\/schema\/person\/28828168eafaea0599fb6ac09706208e\"},\"breadcrumb\":{\"@id\":\"https:\/\/www.navarrafilmindustry.com\/es\/cuatro-productoras-navarras-se-unen-para-realizar-un-documental-sobre-los-sanfermines\/#breadcrumb\"},\"inLanguage\":\"en-US\",\"potentialAction\":[{\"@type\":\"ReadAction\",\"target\":[\"https:\/\/www.navarrafilmindustry.com\/es\/cuatro-productoras-navarras-se-unen-para-realizar-un-documental-sobre-los-sanfermines\/\"]}]},{\"@type\":\"ImageObject\",\"inLanguage\":\"en-US\",\"@id\":\"https:\/\/www.navarrafilmindustry.com\/es\/cuatro-productoras-navarras-se-unen-para-realizar-un-documental-sobre-los-sanfermines\/#primaryimage\",\"url\":\"https:\/\/www.navarrafilmindustry.com\/wp-content\/uploads\/2022\/09\/DSC01857.jpg\",\"contentUrl\":\"https:\/\/www.navarrafilmindustry.com\/wp-content\/uploads\/2022\/09\/DSC01857.jpg\",\"width\":900,\"height\":600},{\"@type\":\"BreadcrumbList\",\"@id\":\"https:\/\/www.navarrafilmindustry.com\/es\/cuatro-productoras-navarras-se-unen-para-realizar-un-documental-sobre-los-sanfermines\/#breadcrumb\",\"itemListElement\":[{\"@type\":\"ListItem\",\"position\":1,\"name\":\"Portada\",\"item\":\"https:\/\/www.navarrafilmindustry.com\/en\/\"},{\"@type\":\"ListItem\",\"position\":2,\"name\":\"Cuatro productoras navarras se unen para realizar un documental sobre los sanfermines\"}]},{\"@type\":\"WebSite\",\"@id\":\"https:\/\/www.navarrafilmindustry.com\/eu\/#website\",\"url\":\"https:\/\/www.navarrafilmindustry.com\/eu\/\",\"name\":\"NFI\",\"description\":\"\",\"potentialAction\":[{\"@type\":\"SearchAction\",\"target\":{\"@type\":\"EntryPoint\",\"urlTemplate\":\"https:\/\/www.navarrafilmindustry.com\/eu\/?s={search_term_string}\"},\"query-input\":{\"@type\":\"PropertyValueSpecification\",\"valueRequired\":true,\"valueName\":\"search_term_string\"}}],\"inLanguage\":\"en-US\"},{\"@type\":\"Person\",\"@id\":\"https:\/\/www.navarrafilmindustry.com\/eu\/#\/schema\/person\/28828168eafaea0599fb6ac09706208e\",\"name\":\"admin\",\"image\":{\"@type\":\"ImageObject\",\"inLanguage\":\"en-US\",\"@id\":\"https:\/\/www.navarrafilmindustry.com\/eu\/#\/schema\/person\/image\/\",\"url\":\"https:\/\/secure.gravatar.com\/avatar\/a4f5b7c164fdea771914ae0274620e3c?s=96&d=mm&r=g\",\"contentUrl\":\"https:\/\/secure.gravatar.com\/avatar\/a4f5b7c164fdea771914ae0274620e3c?s=96&d=mm&r=g\",\"caption\":\"admin\"},\"sameAs\":[\"https:\/\/www.navarrafilmindustry.com\"],\"url\":\"https:\/\/www.navarrafilmindustry.com\/en\/author\/admin\/\"}]}<\/script>\n<!-- \/ Yoast SEO plugin. -->","yoast_head_json":{"title":"Cuatro productoras navarras se unen para realizar un documental sobre los sanfermines - NFI","robots":{"index":"index","follow":"follow","max-snippet":"max-snippet:-1","max-image-preview":"max-image-preview:large","max-video-preview":"max-video-preview:-1"},"canonical":"https:\/\/www.navarrafilmindustry.com\/es\/cuatro-productoras-navarras-se-unen-para-realizar-un-documental-sobre-los-sanfermines\/","og_locale":"en_US","og_type":"article","og_title":"Cuatro productoras navarras se unen para realizar un documental sobre los sanfermines - NFI","og_description":"Los sanfermines de 2022 van a ser \u00fanicos (como siempre, pero este a\u00f1o a\u00fan m\u00e1s). Las fiestas de Pamplona regresan tras una pausa de dos a\u00f1os (nunca hab\u00eda sucedido algo as\u00ed). Regresa tras una pandemia y en medio de la creaci\u00f3n de un nuevo orden mundial. \u00bfPuede haber m\u00e1s cambios? Es un momento hist\u00f3rico en el que vale la pena parar y recordar qu\u00e9 son los sanfermines. O qu\u00e9 eran. O qu\u00e9 queremos que sean (si es que hay dos personas en Pamplona que coincidan en eso). La esencia de la fiesta es precisamente su capacidad de reinventarse, su autor\u00eda ciudadana, la armon\u00eda maravillosa que surge del caos absoluto. El documental \u00bfQu\u00e9 era eso de los Sanfermines?\u00a0bucea en el pasado y en la imaginaci\u00f3n de las y los pamploneses, en las tradiciones y las invenciones, en las contradicciones que en San Ferm\u00edn parecen darse la mano, en la locura absurda que hace que esta fiesta tenga ahora m\u00e1s sentido que nunca. &nbsp; &nbsp; La historia de una b\u00fasqueda Aranguren, conductor del largometraje, nos guiar\u00e1 por los espacios donde sucede la fiesta: las calles del Casco Viejo, la Plaza de Toros, el recorrido del encierro, la plaza del Ayuntamiento\u2026 Sin embargo, la mejor manera de contar qu\u00e9 son los sanfermines es a trav\u00e9s de testimonios, de encuentros y de recuerdos de quienes viven en Pamplona. El documental recoge 140 entrevistas realizadas en un set m\u00f3vil en diferentes localizaciones del Casco Viejo de Pamplona combinadas con im\u00e1genes de archivo personal, dando lugar a un gran relato colaborativo, ciudadano y cercano a la realidad. La estructura narrativa se corresponde con la de una b\u00fasqueda: Aranguren, tras dos a\u00f1os sin fiesta, se propone descubrir qu\u00e9 eran los Sanfermines. El viaje estar\u00e1 lleno de contradicciones, caminos que no llevan a ning\u00fan lado, sorpresas y descubrimientos...","og_url":"https:\/\/www.navarrafilmindustry.com\/es\/cuatro-productoras-navarras-se-unen-para-realizar-un-documental-sobre-los-sanfermines\/","og_site_name":"NFI","article_published_time":"2022-07-15T13:16:53+00:00","og_image":[{"width":900,"height":600,"url":"https:\/\/www.navarrafilmindustry.com\/wp-content\/uploads\/2022\/09\/DSC01857.jpg","type":"image\/jpeg"}],"author":"admin","twitter_card":"summary_large_image","twitter_misc":{"Written by":"admin","Est. reading time":"3 minutes"},"schema":{"@context":"https:\/\/schema.org","@graph":[{"@type":"WebPage","@id":"https:\/\/www.navarrafilmindustry.com\/es\/cuatro-productoras-navarras-se-unen-para-realizar-un-documental-sobre-los-sanfermines\/","url":"https:\/\/www.navarrafilmindustry.com\/es\/cuatro-productoras-navarras-se-unen-para-realizar-un-documental-sobre-los-sanfermines\/","name":"Cuatro productoras navarras se unen para realizar un documental sobre los sanfermines - NFI","isPartOf":{"@id":"https:\/\/www.navarrafilmindustry.com\/eu\/#website"},"primaryImageOfPage":{"@id":"https:\/\/www.navarrafilmindustry.com\/es\/cuatro-productoras-navarras-se-unen-para-realizar-un-documental-sobre-los-sanfermines\/#primaryimage"},"image":{"@id":"https:\/\/www.navarrafilmindustry.com\/es\/cuatro-productoras-navarras-se-unen-para-realizar-un-documental-sobre-los-sanfermines\/#primaryimage"},"thumbnailUrl":"https:\/\/www.navarrafilmindustry.com\/wp-content\/uploads\/2022\/09\/DSC01857.jpg","datePublished":"2022-07-15T13:16:53+00:00","dateModified":"2022-07-15T13:16:53+00:00","author":{"@id":"https:\/\/www.navarrafilmindustry.com\/eu\/#\/schema\/person\/28828168eafaea0599fb6ac09706208e"},"breadcrumb":{"@id":"https:\/\/www.navarrafilmindustry.com\/es\/cuatro-productoras-navarras-se-unen-para-realizar-un-documental-sobre-los-sanfermines\/#breadcrumb"},"inLanguage":"en-US","potentialAction":[{"@type":"ReadAction","target":["https:\/\/www.navarrafilmindustry.com\/es\/cuatro-productoras-navarras-se-unen-para-realizar-un-documental-sobre-los-sanfermines\/"]}]},{"@type":"ImageObject","inLanguage":"en-US","@id":"https:\/\/www.navarrafilmindustry.com\/es\/cuatro-productoras-navarras-se-unen-para-realizar-un-documental-sobre-los-sanfermines\/#primaryimage","url":"https:\/\/www.navarrafilmindustry.com\/wp-content\/uploads\/2022\/09\/DSC01857.jpg","contentUrl":"https:\/\/www.navarrafilmindustry.com\/wp-content\/uploads\/2022\/09\/DSC01857.jpg","width":900,"height":600},{"@type":"BreadcrumbList","@id":"https:\/\/www.navarrafilmindustry.com\/es\/cuatro-productoras-navarras-se-unen-para-realizar-un-documental-sobre-los-sanfermines\/#breadcrumb","itemListElement":[{"@type":"ListItem","position":1,"name":"Portada","item":"https:\/\/www.navarrafilmindustry.com\/en\/"},{"@type":"ListItem","position":2,"name":"Cuatro productoras navarras se unen para realizar un documental sobre los sanfermines"}]},{"@type":"WebSite","@id":"https:\/\/www.navarrafilmindustry.com\/eu\/#website","url":"https:\/\/www.navarrafilmindustry.com\/eu\/","name":"NFI","description":"","potentialAction":[{"@type":"SearchAction","target":{"@type":"EntryPoint","urlTemplate":"https:\/\/www.navarrafilmindustry.com\/eu\/?s={search_term_string}"},"query-input":{"@type":"PropertyValueSpecification","valueRequired":true,"valueName":"search_term_string"}}],"inLanguage":"en-US"},{"@type":"Person","@id":"https:\/\/www.navarrafilmindustry.com\/eu\/#\/schema\/person\/28828168eafaea0599fb6ac09706208e","name":"admin","image":{"@type":"ImageObject","inLanguage":"en-US","@id":"https:\/\/www.navarrafilmindustry.com\/eu\/#\/schema\/person\/image\/","url":"https:\/\/secure.gravatar.com\/avatar\/a4f5b7c164fdea771914ae0274620e3c?s=96&d=mm&r=g","contentUrl":"https:\/\/secure.gravatar.com\/avatar\/a4f5b7c164fdea771914ae0274620e3c?s=96&d=mm&r=g","caption":"admin"},"sameAs":["https:\/\/www.navarrafilmindustry.com"],"url":"https:\/\/www.navarrafilmindustry.com\/en\/author\/admin\/"}]}},"_links":{"self":[{"href":"https:\/\/www.navarrafilmindustry.com\/en\/wp-json\/wp\/v2\/posts\/12261"}],"collection":[{"href":"https:\/\/www.navarrafilmindustry.com\/en\/wp-json\/wp\/v2\/posts"}],"about":[{"href":"https:\/\/www.navarrafilmindustry.com\/en\/wp-json\/wp\/v2\/types\/post"}],"author":[{"embeddable":true,"href":"https:\/\/www.navarrafilmindustry.com\/en\/wp-json\/wp\/v2\/users\/1"}],"replies":[{"embeddable":true,"href":"https:\/\/www.navarrafilmindustry.com\/en\/wp-json\/wp\/v2\/comments?post=12261"}],"version-history":[{"count":0,"href":"https:\/\/www.navarrafilmindustry.com\/en\/wp-json\/wp\/v2\/posts\/12261\/revisions"}],"wp:featuredmedia":[{"embeddable":true,"href":"https:\/\/www.navarrafilmindustry.com\/en\/wp-json\/wp\/v2\/media\/12262"}],"wp:attachment":[{"href":"https:\/\/www.navarrafilmindustry.com\/en\/wp-json\/wp\/v2\/media?parent=12261"}],"wp:term":[{"taxonomy":"category","embeddable":true,"href":"https:\/\/www.navarrafilmindustry.com\/en\/wp-json\/wp\/v2\/categories?post=12261"},{"taxonomy":"post_tag","embeddable":true,"href":"https:\/\/www.navarrafilmindustry.com\/en\/wp-json\/wp\/v2\/tags?post=12261"}],"curies":[{"name":"wp","href":"https:\/\/api.w.org\/{rel}","templated":true}]}}