{"id":12182,"date":"2022-04-07T16:36:21","date_gmt":"2022-04-07T16:36:21","guid":{"rendered":"http:\/\/nfc.plannertest.com\/elo-cine-de-la-historia-del-instituto-lumiere-se-podra-ver-en-pamplona\/"},"modified":"2022-04-07T16:36:21","modified_gmt":"2022-04-07T16:36:21","slug":"elo-cine-de-la-historia-del-instituto-lumiere-se-podra-ver-en-pamplona","status":"publish","type":"post","link":"https:\/\/www.navarrafilmindustry.com\/en\/elo-cine-de-la-historia-del-instituto-lumiere-se-podra-ver-en-pamplona\/","title":{"rendered":"El cine de la historia del Instituto Lumi\u00e8re se podr\u00e1 ver en Pamplona"},"content":{"rendered":"<p>Golem Baiona de Pamplona acoge entre los meses de abril y junio el ciclo SESIONES LUMI\u00c8RE EMANLDIAK, organizado por la Filmoteca Vasca, el Instituto Lumi\u00e8re y el Festival de Cine de San Sebasti\u00e1n para hacerse eco, con un primer recorrido por filmes importantes en la historia del Instituto Lumi\u00e8re, de ese trabajo luminoso y contagioso, a trav\u00e9s de sus diferentes facetas. Y emprendido por grandes profesionales y, sobre todo, amantes del cine y de su divulgaci\u00f3n.<\/p>\n<p>El Instituto Lumi\u00e8re pone la semilla que ah\u00ed florece, alrededor de un edificio que, situado en la rue du Premier Filme, donde se rod\u00f3 la inici\u00e1tica<em> Salida de los obreros de la f\u00e1brica Lumi\u00e8re en Lyon<\/em> (La Sortie de l\u2019usine Lumi\u00e8re \u00e0 Lyon, Louis Lumi\u00e8re, 1895), representa como pocos esa idea del museo vivo y activo, del laboratorio que investiga y reinventa a trav\u00e9s del conocimiento acumulado y el estudio y la programaci\u00f3n constantes. Adem\u00e1s, abierto a todos los que nos dejamos contagiar por su embriagador esp\u00edritu desde el momento en que lo conocimos por primera vez. Una labor de continua restauraci\u00f3n de t\u00edtulos que, si no, podr\u00edan acabar olvidados o perdidos; de rescate del cine mudo siempre en peligro de desaparici\u00f3n o desconocimiento; de atenci\u00f3n a obras contempor\u00e1neas que necesitan una rehabilitaci\u00f3n o una segunda oportunidad; de cineastas arrinconados por el tiempo, que precisan nueva luz sobre sus logros, de Andr\u00e9 Cayatte a Gilles Grangier.<\/p>\n<h4><strong>PROGRAMA<\/strong><\/h4>\n<ul>\n<li><strong><em>El relojero de Saint Paul<\/em><\/strong> (V.O.S.E.)<br \/>\n12 de abril, 19:00<\/li>\n<li><strong><em>La doble vida de Ver\u00f3nica<\/em> <\/strong>(V.O.S.E.)<br \/>\n19 de abril, 19:00<\/li>\n<li><strong><em>El b\u00edgamo<\/em><\/strong> (V.O.S.E.)<br \/>\n26 de abril, 19:00<\/li>\n<li><em><strong>Txorimaloa<\/strong><\/em>. (V.O.S.EU.)<br \/>\n3 de mayo, 19:00<\/li>\n<li><em><strong>El bueno, el feo y el malo<\/strong><\/em> (V.O.S.E.)<br \/>\n17 de mayo, 19:00<\/li>\n<li><strong><em>Belea<\/em><\/strong> (V.O.S.EU.)<br \/>\n24 de mayo, 19:00<\/li>\n<li><strong><em>Camaradas<\/em><\/strong> (V.O.S.E.)<br \/>\n31 de mayo, 19:00<\/li>\n<li><strong><em>El ej\u00e9rcito de las sombras<\/em><\/strong> (V.O.S.E.)<br \/>\n7 de junio, 19:00<\/li>\n<li><strong><em>Zapatila gorriak<\/em><\/strong> (V.O.S.EU.)<br \/>\n14 de junio, 19:00<\/li>\n<li><strong><em>Alicia en las ciudades<\/em><\/strong> (V.O.S.E.)<br \/>\n21 de junio, 19:00<\/li>\n<li><strong><em>Lumi\u00e8re. Comienza la aventura<\/em> <\/strong>(V.O.S.E.)<br \/>\n28 de junio, 19:00<\/li>\n<\/ul>\n","protected":false},"excerpt":{"rendered":"<p>Golem Baiona de Pamplona acoge entre los meses de abril y junio el ciclo SESIONES LUMI\u00c8RE EMANLDIAK, organizado por la Filmoteca Vasca, el Instituto Lumi\u00e8re y el Festival de Cine de San Sebasti\u00e1n para hacerse eco, con un primer recorrido por filmes importantes en la historia del Instituto Lumi\u00e8re, de ese trabajo luminoso y contagioso, a trav\u00e9s de sus diferentes facetas. Y emprendido por grandes profesionales y, sobre todo, amantes del cine y de su divulgaci\u00f3n. El Instituto Lumi\u00e8re pone la semilla que ah\u00ed florece, alrededor de un edificio que, situado en la rue du Premier Filme, donde se rod\u00f3 la inici\u00e1tica Salida de los obreros de la f\u00e1brica Lumi\u00e8re en Lyon (La Sortie de l\u2019usine Lumi\u00e8re \u00e0 Lyon, Louis Lumi\u00e8re, 1895), representa como pocos esa idea del museo vivo y activo, del laboratorio que investiga y reinventa a trav\u00e9s del conocimiento acumulado y el estudio y la programaci\u00f3n constantes. Adem\u00e1s, abierto a todos los que nos dejamos contagiar por su embriagador esp\u00edritu desde el momento en que lo conocimos por primera vez. Una labor de continua restauraci\u00f3n de t\u00edtulos que, si no, podr\u00edan acabar olvidados o perdidos; de rescate del cine mudo siempre en peligro de desaparici\u00f3n o desconocimiento; de atenci\u00f3n a obras contempor\u00e1neas que necesitan una rehabilitaci\u00f3n o una segunda oportunidad; de cineastas arrinconados por el tiempo, que precisan nueva luz sobre sus logros, de Andr\u00e9 Cayatte a Gilles Grangier. PROGRAMA El relojero de Saint Paul (V.O.S.E.) 12 de abril, 19:00 La doble vida de Ver\u00f3nica (V.O.S.E.) 19 de abril, 19:00 El b\u00edgamo (V.O.S.E.) 26 de abril, 19:00 Txorimaloa. (V.O.S.EU.) 3 de mayo, 19:00 El bueno, el feo y el malo (V.O.S.E.) 17 de mayo, 19:00 Belea (V.O.S.EU.) 24 de mayo, 19:00 Camaradas (V.O.S.E.) 31 de mayo, 19:00 El ej\u00e9rcito de las sombras (V.O.S.E.) 7 de junio, 19:00&#8230;<\/p>\n","protected":false},"author":1,"featured_media":12183,"comment_status":"open","ping_status":"open","sticky":false,"template":"","format":"standard","meta":{"_acf_changed":false,"footnotes":""},"categories":[1],"tags":[],"class_list":{"0":"post-12182","1":"post","2":"type-post","3":"status-publish","4":"format-standard","5":"has-post-thumbnail","7":"category-noticias"},"acf":[],"yoast_head":"<!-- This site is optimized with the Yoast SEO plugin v23.7 - https:\/\/yoast.com\/wordpress\/plugins\/seo\/ -->\n<title>El cine de la historia del Instituto Lumi\u00e8re se podr\u00e1 ver en Pamplona - NFI<\/title>\n<meta name=\"robots\" content=\"index, follow, max-snippet:-1, max-image-preview:large, max-video-preview:-1\" \/>\n<link rel=\"canonical\" href=\"https:\/\/www.navarrafilmindustry.com\/eu\/elo-cine-de-la-historia-del-instituto-lumiere-se-podra-ver-en-pamplona\/\" \/>\n<meta property=\"og:locale\" content=\"en_US\" \/>\n<meta property=\"og:type\" content=\"article\" \/>\n<meta property=\"og:title\" content=\"El cine de la historia del Instituto Lumi\u00e8re se podr\u00e1 ver en Pamplona - NFI\" \/>\n<meta property=\"og:description\" content=\"Golem Baiona de Pamplona acoge entre los meses de abril y junio el ciclo SESIONES LUMI\u00c8RE EMANLDIAK, organizado por la Filmoteca Vasca, el Instituto Lumi\u00e8re y el Festival de Cine de San Sebasti\u00e1n para hacerse eco, con un primer recorrido por filmes importantes en la historia del Instituto Lumi\u00e8re, de ese trabajo luminoso y contagioso, a trav\u00e9s de sus diferentes facetas. Y emprendido por grandes profesionales y, sobre todo, amantes del cine y de su divulgaci\u00f3n. El Instituto Lumi\u00e8re pone la semilla que ah\u00ed florece, alrededor de un edificio que, situado en la rue du Premier Filme, donde se rod\u00f3 la inici\u00e1tica Salida de los obreros de la f\u00e1brica Lumi\u00e8re en Lyon (La Sortie de l\u2019usine Lumi\u00e8re \u00e0 Lyon, Louis Lumi\u00e8re, 1895), representa como pocos esa idea del museo vivo y activo, del laboratorio que investiga y reinventa a trav\u00e9s del conocimiento acumulado y el estudio y la programaci\u00f3n constantes. Adem\u00e1s, abierto a todos los que nos dejamos contagiar por su embriagador esp\u00edritu desde el momento en que lo conocimos por primera vez. Una labor de continua restauraci\u00f3n de t\u00edtulos que, si no, podr\u00edan acabar olvidados o perdidos; de rescate del cine mudo siempre en peligro de desaparici\u00f3n o desconocimiento; de atenci\u00f3n a obras contempor\u00e1neas que necesitan una rehabilitaci\u00f3n o una segunda oportunidad; de cineastas arrinconados por el tiempo, que precisan nueva luz sobre sus logros, de Andr\u00e9 Cayatte a Gilles Grangier. PROGRAMA El relojero de Saint Paul (V.O.S.E.) 12 de abril, 19:00 La doble vida de Ver\u00f3nica (V.O.S.E.) 19 de abril, 19:00 El b\u00edgamo (V.O.S.E.) 26 de abril, 19:00 Txorimaloa. (V.O.S.EU.) 3 de mayo, 19:00 El bueno, el feo y el malo (V.O.S.E.) 17 de mayo, 19:00 Belea (V.O.S.EU.) 24 de mayo, 19:00 Camaradas (V.O.S.E.) 31 de mayo, 19:00 El ej\u00e9rcito de las sombras (V.O.S.E.) 7 de junio, 19:00...\" \/>\n<meta property=\"og:url\" content=\"https:\/\/www.navarrafilmindustry.com\/eu\/elo-cine-de-la-historia-del-instituto-lumiere-se-podra-ver-en-pamplona\/\" \/>\n<meta property=\"og:site_name\" content=\"NFI\" \/>\n<meta property=\"article:published_time\" content=\"2022-04-07T16:36:21+00:00\" \/>\n<meta property=\"og:image\" content=\"https:\/\/www.navarrafilmindustry.com\/wp-content\/uploads\/2022\/09\/Captura-de-pantalla-2022-04-07-a-las-18.27.30.png\" \/>\n\t<meta property=\"og:image:width\" content=\"1114\" \/>\n\t<meta property=\"og:image:height\" content=\"928\" \/>\n\t<meta property=\"og:image:type\" content=\"image\/png\" \/>\n<meta name=\"author\" content=\"admin\" \/>\n<meta name=\"twitter:card\" content=\"summary_large_image\" \/>\n<meta name=\"twitter:label1\" content=\"Written by\" \/>\n\t<meta name=\"twitter:data1\" content=\"admin\" \/>\n\t<meta name=\"twitter:label2\" content=\"Est. reading time\" \/>\n\t<meta name=\"twitter:data2\" content=\"2 minutes\" \/>\n<script type=\"application\/ld+json\" class=\"yoast-schema-graph\">{\"@context\":\"https:\/\/schema.org\",\"@graph\":[{\"@type\":\"WebPage\",\"@id\":\"https:\/\/www.navarrafilmindustry.com\/eu\/elo-cine-de-la-historia-del-instituto-lumiere-se-podra-ver-en-pamplona\/\",\"url\":\"https:\/\/www.navarrafilmindustry.com\/eu\/elo-cine-de-la-historia-del-instituto-lumiere-se-podra-ver-en-pamplona\/\",\"name\":\"El cine de la historia del Instituto Lumi\u00e8re se podr\u00e1 ver en Pamplona - NFI\",\"isPartOf\":{\"@id\":\"https:\/\/www.navarrafilmindustry.com\/eu\/#website\"},\"primaryImageOfPage\":{\"@id\":\"https:\/\/www.navarrafilmindustry.com\/eu\/elo-cine-de-la-historia-del-instituto-lumiere-se-podra-ver-en-pamplona\/#primaryimage\"},\"image\":{\"@id\":\"https:\/\/www.navarrafilmindustry.com\/eu\/elo-cine-de-la-historia-del-instituto-lumiere-se-podra-ver-en-pamplona\/#primaryimage\"},\"thumbnailUrl\":\"https:\/\/www.navarrafilmindustry.com\/wp-content\/uploads\/2022\/09\/Captura-de-pantalla-2022-04-07-a-las-18.27.30.png\",\"datePublished\":\"2022-04-07T16:36:21+00:00\",\"dateModified\":\"2022-04-07T16:36:21+00:00\",\"author\":{\"@id\":\"https:\/\/www.navarrafilmindustry.com\/eu\/#\/schema\/person\/28828168eafaea0599fb6ac09706208e\"},\"breadcrumb\":{\"@id\":\"https:\/\/www.navarrafilmindustry.com\/eu\/elo-cine-de-la-historia-del-instituto-lumiere-se-podra-ver-en-pamplona\/#breadcrumb\"},\"inLanguage\":\"en-US\",\"potentialAction\":[{\"@type\":\"ReadAction\",\"target\":[\"https:\/\/www.navarrafilmindustry.com\/eu\/elo-cine-de-la-historia-del-instituto-lumiere-se-podra-ver-en-pamplona\/\"]}]},{\"@type\":\"ImageObject\",\"inLanguage\":\"en-US\",\"@id\":\"https:\/\/www.navarrafilmindustry.com\/eu\/elo-cine-de-la-historia-del-instituto-lumiere-se-podra-ver-en-pamplona\/#primaryimage\",\"url\":\"https:\/\/www.navarrafilmindustry.com\/wp-content\/uploads\/2022\/09\/Captura-de-pantalla-2022-04-07-a-las-18.27.30.png\",\"contentUrl\":\"https:\/\/www.navarrafilmindustry.com\/wp-content\/uploads\/2022\/09\/Captura-de-pantalla-2022-04-07-a-las-18.27.30.png\",\"width\":1114,\"height\":928},{\"@type\":\"BreadcrumbList\",\"@id\":\"https:\/\/www.navarrafilmindustry.com\/eu\/elo-cine-de-la-historia-del-instituto-lumiere-se-podra-ver-en-pamplona\/#breadcrumb\",\"itemListElement\":[{\"@type\":\"ListItem\",\"position\":1,\"name\":\"Portada\",\"item\":\"https:\/\/www.navarrafilmindustry.com\/en\/\"},{\"@type\":\"ListItem\",\"position\":2,\"name\":\"El cine de la historia del Instituto Lumi\u00e8re se podr\u00e1 ver en Pamplona\"}]},{\"@type\":\"WebSite\",\"@id\":\"https:\/\/www.navarrafilmindustry.com\/eu\/#website\",\"url\":\"https:\/\/www.navarrafilmindustry.com\/eu\/\",\"name\":\"NFI\",\"description\":\"\",\"potentialAction\":[{\"@type\":\"SearchAction\",\"target\":{\"@type\":\"EntryPoint\",\"urlTemplate\":\"https:\/\/www.navarrafilmindustry.com\/eu\/?s={search_term_string}\"},\"query-input\":{\"@type\":\"PropertyValueSpecification\",\"valueRequired\":true,\"valueName\":\"search_term_string\"}}],\"inLanguage\":\"en-US\"},{\"@type\":\"Person\",\"@id\":\"https:\/\/www.navarrafilmindustry.com\/eu\/#\/schema\/person\/28828168eafaea0599fb6ac09706208e\",\"name\":\"admin\",\"image\":{\"@type\":\"ImageObject\",\"inLanguage\":\"en-US\",\"@id\":\"https:\/\/www.navarrafilmindustry.com\/eu\/#\/schema\/person\/image\/\",\"url\":\"https:\/\/secure.gravatar.com\/avatar\/a4f5b7c164fdea771914ae0274620e3c?s=96&d=mm&r=g\",\"contentUrl\":\"https:\/\/secure.gravatar.com\/avatar\/a4f5b7c164fdea771914ae0274620e3c?s=96&d=mm&r=g\",\"caption\":\"admin\"},\"sameAs\":[\"https:\/\/www.navarrafilmindustry.com\"],\"url\":\"https:\/\/www.navarrafilmindustry.com\/en\/author\/admin\/\"}]}<\/script>\n<!-- \/ Yoast SEO plugin. -->","yoast_head_json":{"title":"El cine de la historia del Instituto Lumi\u00e8re se podr\u00e1 ver en Pamplona - NFI","robots":{"index":"index","follow":"follow","max-snippet":"max-snippet:-1","max-image-preview":"max-image-preview:large","max-video-preview":"max-video-preview:-1"},"canonical":"https:\/\/www.navarrafilmindustry.com\/eu\/elo-cine-de-la-historia-del-instituto-lumiere-se-podra-ver-en-pamplona\/","og_locale":"en_US","og_type":"article","og_title":"El cine de la historia del Instituto Lumi\u00e8re se podr\u00e1 ver en Pamplona - NFI","og_description":"Golem Baiona de Pamplona acoge entre los meses de abril y junio el ciclo SESIONES LUMI\u00c8RE EMANLDIAK, organizado por la Filmoteca Vasca, el Instituto Lumi\u00e8re y el Festival de Cine de San Sebasti\u00e1n para hacerse eco, con un primer recorrido por filmes importantes en la historia del Instituto Lumi\u00e8re, de ese trabajo luminoso y contagioso, a trav\u00e9s de sus diferentes facetas. Y emprendido por grandes profesionales y, sobre todo, amantes del cine y de su divulgaci\u00f3n. El Instituto Lumi\u00e8re pone la semilla que ah\u00ed florece, alrededor de un edificio que, situado en la rue du Premier Filme, donde se rod\u00f3 la inici\u00e1tica Salida de los obreros de la f\u00e1brica Lumi\u00e8re en Lyon (La Sortie de l\u2019usine Lumi\u00e8re \u00e0 Lyon, Louis Lumi\u00e8re, 1895), representa como pocos esa idea del museo vivo y activo, del laboratorio que investiga y reinventa a trav\u00e9s del conocimiento acumulado y el estudio y la programaci\u00f3n constantes. Adem\u00e1s, abierto a todos los que nos dejamos contagiar por su embriagador esp\u00edritu desde el momento en que lo conocimos por primera vez. Una labor de continua restauraci\u00f3n de t\u00edtulos que, si no, podr\u00edan acabar olvidados o perdidos; de rescate del cine mudo siempre en peligro de desaparici\u00f3n o desconocimiento; de atenci\u00f3n a obras contempor\u00e1neas que necesitan una rehabilitaci\u00f3n o una segunda oportunidad; de cineastas arrinconados por el tiempo, que precisan nueva luz sobre sus logros, de Andr\u00e9 Cayatte a Gilles Grangier. PROGRAMA El relojero de Saint Paul (V.O.S.E.) 12 de abril, 19:00 La doble vida de Ver\u00f3nica (V.O.S.E.) 19 de abril, 19:00 El b\u00edgamo (V.O.S.E.) 26 de abril, 19:00 Txorimaloa. (V.O.S.EU.) 3 de mayo, 19:00 El bueno, el feo y el malo (V.O.S.E.) 17 de mayo, 19:00 Belea (V.O.S.EU.) 24 de mayo, 19:00 Camaradas (V.O.S.E.) 31 de mayo, 19:00 El ej\u00e9rcito de las sombras (V.O.S.E.) 7 de junio, 19:00...","og_url":"https:\/\/www.navarrafilmindustry.com\/eu\/elo-cine-de-la-historia-del-instituto-lumiere-se-podra-ver-en-pamplona\/","og_site_name":"NFI","article_published_time":"2022-04-07T16:36:21+00:00","og_image":[{"width":1114,"height":928,"url":"https:\/\/www.navarrafilmindustry.com\/wp-content\/uploads\/2022\/09\/Captura-de-pantalla-2022-04-07-a-las-18.27.30.png","type":"image\/png"}],"author":"admin","twitter_card":"summary_large_image","twitter_misc":{"Written by":"admin","Est. reading time":"2 minutes"},"schema":{"@context":"https:\/\/schema.org","@graph":[{"@type":"WebPage","@id":"https:\/\/www.navarrafilmindustry.com\/eu\/elo-cine-de-la-historia-del-instituto-lumiere-se-podra-ver-en-pamplona\/","url":"https:\/\/www.navarrafilmindustry.com\/eu\/elo-cine-de-la-historia-del-instituto-lumiere-se-podra-ver-en-pamplona\/","name":"El cine de la historia del Instituto Lumi\u00e8re se podr\u00e1 ver en Pamplona - NFI","isPartOf":{"@id":"https:\/\/www.navarrafilmindustry.com\/eu\/#website"},"primaryImageOfPage":{"@id":"https:\/\/www.navarrafilmindustry.com\/eu\/elo-cine-de-la-historia-del-instituto-lumiere-se-podra-ver-en-pamplona\/#primaryimage"},"image":{"@id":"https:\/\/www.navarrafilmindustry.com\/eu\/elo-cine-de-la-historia-del-instituto-lumiere-se-podra-ver-en-pamplona\/#primaryimage"},"thumbnailUrl":"https:\/\/www.navarrafilmindustry.com\/wp-content\/uploads\/2022\/09\/Captura-de-pantalla-2022-04-07-a-las-18.27.30.png","datePublished":"2022-04-07T16:36:21+00:00","dateModified":"2022-04-07T16:36:21+00:00","author":{"@id":"https:\/\/www.navarrafilmindustry.com\/eu\/#\/schema\/person\/28828168eafaea0599fb6ac09706208e"},"breadcrumb":{"@id":"https:\/\/www.navarrafilmindustry.com\/eu\/elo-cine-de-la-historia-del-instituto-lumiere-se-podra-ver-en-pamplona\/#breadcrumb"},"inLanguage":"en-US","potentialAction":[{"@type":"ReadAction","target":["https:\/\/www.navarrafilmindustry.com\/eu\/elo-cine-de-la-historia-del-instituto-lumiere-se-podra-ver-en-pamplona\/"]}]},{"@type":"ImageObject","inLanguage":"en-US","@id":"https:\/\/www.navarrafilmindustry.com\/eu\/elo-cine-de-la-historia-del-instituto-lumiere-se-podra-ver-en-pamplona\/#primaryimage","url":"https:\/\/www.navarrafilmindustry.com\/wp-content\/uploads\/2022\/09\/Captura-de-pantalla-2022-04-07-a-las-18.27.30.png","contentUrl":"https:\/\/www.navarrafilmindustry.com\/wp-content\/uploads\/2022\/09\/Captura-de-pantalla-2022-04-07-a-las-18.27.30.png","width":1114,"height":928},{"@type":"BreadcrumbList","@id":"https:\/\/www.navarrafilmindustry.com\/eu\/elo-cine-de-la-historia-del-instituto-lumiere-se-podra-ver-en-pamplona\/#breadcrumb","itemListElement":[{"@type":"ListItem","position":1,"name":"Portada","item":"https:\/\/www.navarrafilmindustry.com\/en\/"},{"@type":"ListItem","position":2,"name":"El cine de la historia del Instituto Lumi\u00e8re se podr\u00e1 ver en Pamplona"}]},{"@type":"WebSite","@id":"https:\/\/www.navarrafilmindustry.com\/eu\/#website","url":"https:\/\/www.navarrafilmindustry.com\/eu\/","name":"NFI","description":"","potentialAction":[{"@type":"SearchAction","target":{"@type":"EntryPoint","urlTemplate":"https:\/\/www.navarrafilmindustry.com\/eu\/?s={search_term_string}"},"query-input":{"@type":"PropertyValueSpecification","valueRequired":true,"valueName":"search_term_string"}}],"inLanguage":"en-US"},{"@type":"Person","@id":"https:\/\/www.navarrafilmindustry.com\/eu\/#\/schema\/person\/28828168eafaea0599fb6ac09706208e","name":"admin","image":{"@type":"ImageObject","inLanguage":"en-US","@id":"https:\/\/www.navarrafilmindustry.com\/eu\/#\/schema\/person\/image\/","url":"https:\/\/secure.gravatar.com\/avatar\/a4f5b7c164fdea771914ae0274620e3c?s=96&d=mm&r=g","contentUrl":"https:\/\/secure.gravatar.com\/avatar\/a4f5b7c164fdea771914ae0274620e3c?s=96&d=mm&r=g","caption":"admin"},"sameAs":["https:\/\/www.navarrafilmindustry.com"],"url":"https:\/\/www.navarrafilmindustry.com\/en\/author\/admin\/"}]}},"_links":{"self":[{"href":"https:\/\/www.navarrafilmindustry.com\/en\/wp-json\/wp\/v2\/posts\/12182"}],"collection":[{"href":"https:\/\/www.navarrafilmindustry.com\/en\/wp-json\/wp\/v2\/posts"}],"about":[{"href":"https:\/\/www.navarrafilmindustry.com\/en\/wp-json\/wp\/v2\/types\/post"}],"author":[{"embeddable":true,"href":"https:\/\/www.navarrafilmindustry.com\/en\/wp-json\/wp\/v2\/users\/1"}],"replies":[{"embeddable":true,"href":"https:\/\/www.navarrafilmindustry.com\/en\/wp-json\/wp\/v2\/comments?post=12182"}],"version-history":[{"count":0,"href":"https:\/\/www.navarrafilmindustry.com\/en\/wp-json\/wp\/v2\/posts\/12182\/revisions"}],"wp:featuredmedia":[{"embeddable":true,"href":"https:\/\/www.navarrafilmindustry.com\/en\/wp-json\/wp\/v2\/media\/12183"}],"wp:attachment":[{"href":"https:\/\/www.navarrafilmindustry.com\/en\/wp-json\/wp\/v2\/media?parent=12182"}],"wp:term":[{"taxonomy":"category","embeddable":true,"href":"https:\/\/www.navarrafilmindustry.com\/en\/wp-json\/wp\/v2\/categories?post=12182"},{"taxonomy":"post_tag","embeddable":true,"href":"https:\/\/www.navarrafilmindustry.com\/en\/wp-json\/wp\/v2\/tags?post=12182"}],"curies":[{"name":"wp","href":"https:\/\/api.w.org\/{rel}","templated":true}]}}