{"id":11559,"date":"2021-04-08T15:47:29","date_gmt":"2021-04-08T15:47:29","guid":{"rendered":"http:\/\/nfc.plannertest.com\/mas-de-10-000-espectadores-han-visto-ya-la-pelicula-dardara-de-la-cineasta-navarra-martina-lameiro\/"},"modified":"2021-04-08T15:47:29","modified_gmt":"2021-04-08T15:47:29","slug":"mas-de-10-000-espectadores-han-visto-ya-la-pelicula-dardara-de-la-cineasta-navarra-martina-lameiro","status":"publish","type":"post","link":"https:\/\/www.navarrafilmindustry.com\/en\/mas-de-10-000-espectadores-han-visto-ya-la-pelicula-dardara-de-la-cineasta-navarra-martina-lameiro\/","title":{"rendered":"M\u00e1s de 10.000 espectadores han visto ya la pel\u00edcula &#8220;Dardara&#8221; de la cineasta navarra Martina Lameiro"},"content":{"rendered":"<p>La pel\u00edcula &#8220;DARDARA&#8221; de Marina Lameiro ha registrado una asistencia de m\u00e1s de 10.000 espectadores en sus tres primeras semanas en salas de cine.<\/p>\n<p>Esta producci\u00f3n de Arena Comunicaci\u00f3n y Txalap.art se estren\u00f3 el pasado 18 de marzo, entrando as\u00ed en el top 10 de las pel\u00edculas m\u00e1s vistas del pa\u00eds, tras inaugurar la 15\u00aa edici\u00f3n del Festival Punto de Vista.<\/p>\n<p>&#8220;DARDARA&#8221; inicia su cuarta semana en salas de cine de todo el Estado. Se pueden consultar las salas y proyecciones especiales en la <a href=\"https:\/\/dardarafilma.com\/es\/#proyecciones\"><strong>p\u00e1gina web de la pel\u00edcula<\/strong><\/a>.<\/p>\n<p>&nbsp;<\/p>\n<p><img loading=\"lazy\" decoding=\"async\" class=\"alignnone wp-image-5833\" src=\"https:\/\/www.navarrafilmindustry.com\/wp-content\/uploads\/2022\/09\/170012854_307791474035462_5517806310251554502_n-298x300.jpg\" alt='' width=\"616\" height=\"620\" \/><\/p>\n","protected":false},"excerpt":{"rendered":"<p>La pel\u00edcula &#8220;DARDARA&#8221; de Marina Lameiro ha registrado una asistencia de m\u00e1s de 10.000 espectadores en sus tres primeras semanas en salas de cine. Esta producci\u00f3n de Arena Comunicaci\u00f3n y Txalap.art se estren\u00f3 el pasado 18 de marzo, entrando as\u00ed en el top 10 de las pel\u00edculas m\u00e1s vistas del pa\u00eds, tras inaugurar la 15\u00aa edici\u00f3n del Festival Punto de Vista. &#8220;DARDARA&#8221; inicia su cuarta semana en salas de cine de todo el Estado. Se pueden consultar las salas y proyecciones especiales en la p\u00e1gina web de la pel\u00edcula. &nbsp;<\/p>\n","protected":false},"author":1,"featured_media":11560,"comment_status":"open","ping_status":"open","sticky":false,"template":"","format":"standard","meta":{"_acf_changed":false,"footnotes":""},"categories":[1],"tags":[],"class_list":{"0":"post-11559","1":"post","2":"type-post","3":"status-publish","4":"format-standard","5":"has-post-thumbnail","7":"category-noticias"},"acf":[],"yoast_head":"<!-- This site is optimized with the Yoast SEO plugin v23.7 - https:\/\/yoast.com\/wordpress\/plugins\/seo\/ -->\n<title>M\u00e1s de 10.000 espectadores han visto ya la pel\u00edcula &quot;Dardara&quot; de la cineasta navarra Martina Lameiro - NFI<\/title>\n<meta name=\"robots\" content=\"index, follow, max-snippet:-1, max-image-preview:large, max-video-preview:-1\" \/>\n<link rel=\"canonical\" href=\"https:\/\/www.navarrafilmindustry.com\/eu\/mas-de-10-000-espectadores-han-visto-ya-la-pelicula-dardara-de-la-cineasta-navarra-martina-lameiro\/\" \/>\n<meta property=\"og:locale\" content=\"en_US\" \/>\n<meta property=\"og:type\" content=\"article\" \/>\n<meta property=\"og:title\" content=\"M\u00e1s de 10.000 espectadores han visto ya la pel\u00edcula &quot;Dardara&quot; de la cineasta navarra Martina Lameiro - NFI\" \/>\n<meta property=\"og:description\" content=\"La pel\u00edcula &#8220;DARDARA&#8221; de Marina Lameiro ha registrado una asistencia de m\u00e1s de 10.000 espectadores en sus tres primeras semanas en salas de cine. Esta producci\u00f3n de Arena Comunicaci\u00f3n y Txalap.art se estren\u00f3 el pasado 18 de marzo, entrando as\u00ed en el top 10 de las pel\u00edculas m\u00e1s vistas del pa\u00eds, tras inaugurar la 15\u00aa edici\u00f3n del Festival Punto de Vista. &#8220;DARDARA&#8221; inicia su cuarta semana en salas de cine de todo el Estado. Se pueden consultar las salas y proyecciones especiales en la p\u00e1gina web de la pel\u00edcula. &nbsp;\" \/>\n<meta property=\"og:url\" content=\"https:\/\/www.navarrafilmindustry.com\/eu\/mas-de-10-000-espectadores-han-visto-ya-la-pelicula-dardara-de-la-cineasta-navarra-martina-lameiro\/\" \/>\n<meta property=\"og:site_name\" content=\"NFI\" \/>\n<meta property=\"article:published_time\" content=\"2021-04-08T15:47:29+00:00\" \/>\n<meta property=\"og:image\" content=\"https:\/\/www.navarrafilmindustry.com\/wp-content\/uploads\/2022\/09\/unnamed-14-scaled-2.jpg\" \/>\n\t<meta property=\"og:image:width\" content=\"2560\" \/>\n\t<meta property=\"og:image:height\" content=\"1440\" \/>\n\t<meta property=\"og:image:type\" content=\"image\/jpeg\" \/>\n<meta name=\"author\" content=\"admin\" \/>\n<meta name=\"twitter:card\" content=\"summary_large_image\" \/>\n<meta name=\"twitter:label1\" content=\"Written by\" \/>\n\t<meta name=\"twitter:data1\" content=\"admin\" \/>\n<script type=\"application\/ld+json\" class=\"yoast-schema-graph\">{\"@context\":\"https:\/\/schema.org\",\"@graph\":[{\"@type\":\"WebPage\",\"@id\":\"https:\/\/www.navarrafilmindustry.com\/eu\/mas-de-10-000-espectadores-han-visto-ya-la-pelicula-dardara-de-la-cineasta-navarra-martina-lameiro\/\",\"url\":\"https:\/\/www.navarrafilmindustry.com\/eu\/mas-de-10-000-espectadores-han-visto-ya-la-pelicula-dardara-de-la-cineasta-navarra-martina-lameiro\/\",\"name\":\"M\u00e1s de 10.000 espectadores han visto ya la pel\u00edcula \\\"Dardara\\\" de la cineasta navarra Martina Lameiro - NFI\",\"isPartOf\":{\"@id\":\"https:\/\/www.navarrafilmindustry.com\/eu\/#website\"},\"primaryImageOfPage\":{\"@id\":\"https:\/\/www.navarrafilmindustry.com\/eu\/mas-de-10-000-espectadores-han-visto-ya-la-pelicula-dardara-de-la-cineasta-navarra-martina-lameiro\/#primaryimage\"},\"image\":{\"@id\":\"https:\/\/www.navarrafilmindustry.com\/eu\/mas-de-10-000-espectadores-han-visto-ya-la-pelicula-dardara-de-la-cineasta-navarra-martina-lameiro\/#primaryimage\"},\"thumbnailUrl\":\"https:\/\/www.navarrafilmindustry.com\/wp-content\/uploads\/2022\/09\/unnamed-14-scaled-2.jpg\",\"datePublished\":\"2021-04-08T15:47:29+00:00\",\"dateModified\":\"2021-04-08T15:47:29+00:00\",\"author\":{\"@id\":\"https:\/\/www.navarrafilmindustry.com\/eu\/#\/schema\/person\/28828168eafaea0599fb6ac09706208e\"},\"breadcrumb\":{\"@id\":\"https:\/\/www.navarrafilmindustry.com\/eu\/mas-de-10-000-espectadores-han-visto-ya-la-pelicula-dardara-de-la-cineasta-navarra-martina-lameiro\/#breadcrumb\"},\"inLanguage\":\"en-US\",\"potentialAction\":[{\"@type\":\"ReadAction\",\"target\":[\"https:\/\/www.navarrafilmindustry.com\/eu\/mas-de-10-000-espectadores-han-visto-ya-la-pelicula-dardara-de-la-cineasta-navarra-martina-lameiro\/\"]}]},{\"@type\":\"ImageObject\",\"inLanguage\":\"en-US\",\"@id\":\"https:\/\/www.navarrafilmindustry.com\/eu\/mas-de-10-000-espectadores-han-visto-ya-la-pelicula-dardara-de-la-cineasta-navarra-martina-lameiro\/#primaryimage\",\"url\":\"https:\/\/www.navarrafilmindustry.com\/wp-content\/uploads\/2022\/09\/unnamed-14-scaled-2.jpg\",\"contentUrl\":\"https:\/\/www.navarrafilmindustry.com\/wp-content\/uploads\/2022\/09\/unnamed-14-scaled-2.jpg\",\"width\":2560,\"height\":1440},{\"@type\":\"BreadcrumbList\",\"@id\":\"https:\/\/www.navarrafilmindustry.com\/eu\/mas-de-10-000-espectadores-han-visto-ya-la-pelicula-dardara-de-la-cineasta-navarra-martina-lameiro\/#breadcrumb\",\"itemListElement\":[{\"@type\":\"ListItem\",\"position\":1,\"name\":\"Portada\",\"item\":\"https:\/\/www.navarrafilmindustry.com\/en\/\"},{\"@type\":\"ListItem\",\"position\":2,\"name\":\"M\u00e1s de 10.000 espectadores han visto ya la pel\u00edcula &#8220;Dardara&#8221; de la cineasta navarra Martina Lameiro\"}]},{\"@type\":\"WebSite\",\"@id\":\"https:\/\/www.navarrafilmindustry.com\/eu\/#website\",\"url\":\"https:\/\/www.navarrafilmindustry.com\/eu\/\",\"name\":\"NFI\",\"description\":\"\",\"potentialAction\":[{\"@type\":\"SearchAction\",\"target\":{\"@type\":\"EntryPoint\",\"urlTemplate\":\"https:\/\/www.navarrafilmindustry.com\/eu\/?s={search_term_string}\"},\"query-input\":{\"@type\":\"PropertyValueSpecification\",\"valueRequired\":true,\"valueName\":\"search_term_string\"}}],\"inLanguage\":\"en-US\"},{\"@type\":\"Person\",\"@id\":\"https:\/\/www.navarrafilmindustry.com\/eu\/#\/schema\/person\/28828168eafaea0599fb6ac09706208e\",\"name\":\"admin\",\"image\":{\"@type\":\"ImageObject\",\"inLanguage\":\"en-US\",\"@id\":\"https:\/\/www.navarrafilmindustry.com\/eu\/#\/schema\/person\/image\/\",\"url\":\"https:\/\/secure.gravatar.com\/avatar\/a4f5b7c164fdea771914ae0274620e3c?s=96&d=mm&r=g\",\"contentUrl\":\"https:\/\/secure.gravatar.com\/avatar\/a4f5b7c164fdea771914ae0274620e3c?s=96&d=mm&r=g\",\"caption\":\"admin\"},\"sameAs\":[\"https:\/\/www.navarrafilmindustry.com\"],\"url\":\"https:\/\/www.navarrafilmindustry.com\/en\/author\/admin\/\"}]}<\/script>\n<!-- \/ Yoast SEO plugin. -->","yoast_head_json":{"title":"M\u00e1s de 10.000 espectadores han visto ya la pel\u00edcula \"Dardara\" de la cineasta navarra Martina Lameiro - NFI","robots":{"index":"index","follow":"follow","max-snippet":"max-snippet:-1","max-image-preview":"max-image-preview:large","max-video-preview":"max-video-preview:-1"},"canonical":"https:\/\/www.navarrafilmindustry.com\/eu\/mas-de-10-000-espectadores-han-visto-ya-la-pelicula-dardara-de-la-cineasta-navarra-martina-lameiro\/","og_locale":"en_US","og_type":"article","og_title":"M\u00e1s de 10.000 espectadores han visto ya la pel\u00edcula \"Dardara\" de la cineasta navarra Martina Lameiro - NFI","og_description":"La pel\u00edcula &#8220;DARDARA&#8221; de Marina Lameiro ha registrado una asistencia de m\u00e1s de 10.000 espectadores en sus tres primeras semanas en salas de cine. Esta producci\u00f3n de Arena Comunicaci\u00f3n y Txalap.art se estren\u00f3 el pasado 18 de marzo, entrando as\u00ed en el top 10 de las pel\u00edculas m\u00e1s vistas del pa\u00eds, tras inaugurar la 15\u00aa edici\u00f3n del Festival Punto de Vista. &#8220;DARDARA&#8221; inicia su cuarta semana en salas de cine de todo el Estado. Se pueden consultar las salas y proyecciones especiales en la p\u00e1gina web de la pel\u00edcula. &nbsp;","og_url":"https:\/\/www.navarrafilmindustry.com\/eu\/mas-de-10-000-espectadores-han-visto-ya-la-pelicula-dardara-de-la-cineasta-navarra-martina-lameiro\/","og_site_name":"NFI","article_published_time":"2021-04-08T15:47:29+00:00","og_image":[{"width":2560,"height":1440,"url":"https:\/\/www.navarrafilmindustry.com\/wp-content\/uploads\/2022\/09\/unnamed-14-scaled-2.jpg","type":"image\/jpeg"}],"author":"admin","twitter_card":"summary_large_image","twitter_misc":{"Written by":"admin"},"schema":{"@context":"https:\/\/schema.org","@graph":[{"@type":"WebPage","@id":"https:\/\/www.navarrafilmindustry.com\/eu\/mas-de-10-000-espectadores-han-visto-ya-la-pelicula-dardara-de-la-cineasta-navarra-martina-lameiro\/","url":"https:\/\/www.navarrafilmindustry.com\/eu\/mas-de-10-000-espectadores-han-visto-ya-la-pelicula-dardara-de-la-cineasta-navarra-martina-lameiro\/","name":"M\u00e1s de 10.000 espectadores han visto ya la pel\u00edcula \"Dardara\" de la cineasta navarra Martina Lameiro - NFI","isPartOf":{"@id":"https:\/\/www.navarrafilmindustry.com\/eu\/#website"},"primaryImageOfPage":{"@id":"https:\/\/www.navarrafilmindustry.com\/eu\/mas-de-10-000-espectadores-han-visto-ya-la-pelicula-dardara-de-la-cineasta-navarra-martina-lameiro\/#primaryimage"},"image":{"@id":"https:\/\/www.navarrafilmindustry.com\/eu\/mas-de-10-000-espectadores-han-visto-ya-la-pelicula-dardara-de-la-cineasta-navarra-martina-lameiro\/#primaryimage"},"thumbnailUrl":"https:\/\/www.navarrafilmindustry.com\/wp-content\/uploads\/2022\/09\/unnamed-14-scaled-2.jpg","datePublished":"2021-04-08T15:47:29+00:00","dateModified":"2021-04-08T15:47:29+00:00","author":{"@id":"https:\/\/www.navarrafilmindustry.com\/eu\/#\/schema\/person\/28828168eafaea0599fb6ac09706208e"},"breadcrumb":{"@id":"https:\/\/www.navarrafilmindustry.com\/eu\/mas-de-10-000-espectadores-han-visto-ya-la-pelicula-dardara-de-la-cineasta-navarra-martina-lameiro\/#breadcrumb"},"inLanguage":"en-US","potentialAction":[{"@type":"ReadAction","target":["https:\/\/www.navarrafilmindustry.com\/eu\/mas-de-10-000-espectadores-han-visto-ya-la-pelicula-dardara-de-la-cineasta-navarra-martina-lameiro\/"]}]},{"@type":"ImageObject","inLanguage":"en-US","@id":"https:\/\/www.navarrafilmindustry.com\/eu\/mas-de-10-000-espectadores-han-visto-ya-la-pelicula-dardara-de-la-cineasta-navarra-martina-lameiro\/#primaryimage","url":"https:\/\/www.navarrafilmindustry.com\/wp-content\/uploads\/2022\/09\/unnamed-14-scaled-2.jpg","contentUrl":"https:\/\/www.navarrafilmindustry.com\/wp-content\/uploads\/2022\/09\/unnamed-14-scaled-2.jpg","width":2560,"height":1440},{"@type":"BreadcrumbList","@id":"https:\/\/www.navarrafilmindustry.com\/eu\/mas-de-10-000-espectadores-han-visto-ya-la-pelicula-dardara-de-la-cineasta-navarra-martina-lameiro\/#breadcrumb","itemListElement":[{"@type":"ListItem","position":1,"name":"Portada","item":"https:\/\/www.navarrafilmindustry.com\/en\/"},{"@type":"ListItem","position":2,"name":"M\u00e1s de 10.000 espectadores han visto ya la pel\u00edcula &#8220;Dardara&#8221; de la cineasta navarra Martina Lameiro"}]},{"@type":"WebSite","@id":"https:\/\/www.navarrafilmindustry.com\/eu\/#website","url":"https:\/\/www.navarrafilmindustry.com\/eu\/","name":"NFI","description":"","potentialAction":[{"@type":"SearchAction","target":{"@type":"EntryPoint","urlTemplate":"https:\/\/www.navarrafilmindustry.com\/eu\/?s={search_term_string}"},"query-input":{"@type":"PropertyValueSpecification","valueRequired":true,"valueName":"search_term_string"}}],"inLanguage":"en-US"},{"@type":"Person","@id":"https:\/\/www.navarrafilmindustry.com\/eu\/#\/schema\/person\/28828168eafaea0599fb6ac09706208e","name":"admin","image":{"@type":"ImageObject","inLanguage":"en-US","@id":"https:\/\/www.navarrafilmindustry.com\/eu\/#\/schema\/person\/image\/","url":"https:\/\/secure.gravatar.com\/avatar\/a4f5b7c164fdea771914ae0274620e3c?s=96&d=mm&r=g","contentUrl":"https:\/\/secure.gravatar.com\/avatar\/a4f5b7c164fdea771914ae0274620e3c?s=96&d=mm&r=g","caption":"admin"},"sameAs":["https:\/\/www.navarrafilmindustry.com"],"url":"https:\/\/www.navarrafilmindustry.com\/en\/author\/admin\/"}]}},"_links":{"self":[{"href":"https:\/\/www.navarrafilmindustry.com\/en\/wp-json\/wp\/v2\/posts\/11559"}],"collection":[{"href":"https:\/\/www.navarrafilmindustry.com\/en\/wp-json\/wp\/v2\/posts"}],"about":[{"href":"https:\/\/www.navarrafilmindustry.com\/en\/wp-json\/wp\/v2\/types\/post"}],"author":[{"embeddable":true,"href":"https:\/\/www.navarrafilmindustry.com\/en\/wp-json\/wp\/v2\/users\/1"}],"replies":[{"embeddable":true,"href":"https:\/\/www.navarrafilmindustry.com\/en\/wp-json\/wp\/v2\/comments?post=11559"}],"version-history":[{"count":0,"href":"https:\/\/www.navarrafilmindustry.com\/en\/wp-json\/wp\/v2\/posts\/11559\/revisions"}],"wp:featuredmedia":[{"embeddable":true,"href":"https:\/\/www.navarrafilmindustry.com\/en\/wp-json\/wp\/v2\/media\/11560"}],"wp:attachment":[{"href":"https:\/\/www.navarrafilmindustry.com\/en\/wp-json\/wp\/v2\/media?parent=11559"}],"wp:term":[{"taxonomy":"category","embeddable":true,"href":"https:\/\/www.navarrafilmindustry.com\/en\/wp-json\/wp\/v2\/categories?post=11559"},{"taxonomy":"post_tag","embeddable":true,"href":"https:\/\/www.navarrafilmindustry.com\/en\/wp-json\/wp\/v2\/tags?post=11559"}],"curies":[{"name":"wp","href":"https:\/\/api.w.org\/{rel}","templated":true}]}}